{"id":518,"date":"2018-01-09T11:02:34","date_gmt":"2018-01-09T11:02:34","guid":{"rendered":"http:\/\/www.fincasmallorcacharme.com\/blog\/?p=518"},"modified":"2018-01-09T12:51:57","modified_gmt":"2018-01-09T12:51:57","slug":"es-raiguer","status":"publish","type":"post","link":"https:\/\/www.fincasmallorcacharme.com\/blog\/es-raiguer\/","title":{"rendered":"Es Raiguer"},"content":{"rendered":"<p>Al lado de la Serra de Tramuntana se encuentra en la vertiente sureste de la cordillera entre la pen\u00ednsula de La Victoria y la regi\u00f3n urbana de la capital, Palma, la regi\u00f3n de Es Raiguer. Es una zona de transici\u00f3n desde las monta\u00f1as hasta la llanura de Plass en el centro de Mallorca. Aqu\u00ed hay mucha agua, pero un peque\u00f1o terreno plano y cultivable.<br \/>\nLa regi\u00f3n de Raiguer y en particular la ciudad de Inca son conocidos como el centro del comercio de calzado y cuero en Mallorca. En la regi\u00f3n viven 123.046 habitantes (a partir de 2007) y en el centro encontramos la zona m\u00e1s habitada Inca, aunque el municipio cuenta con Marratxi es como un suburbio de Palma con m\u00e1s habitantes. El tercer municipio m\u00e1s grande es la ciudad de Alc\u00fadia\u00a0 en la costa norte.<\/p>\n<p><a href=\"http:\/\/en.wikipedia.org\/wiki\/Raiguer\">Visita el sitio web<\/a><\/p>\n","protected":false},"excerpt":{"rendered":"<p>Al lado de la Serra de Tramuntana se encuentra en la vertiente sureste de la cordillera entre la pen\u00ednsula de La Victoria y la regi\u00f3n urbana de la capital, Palma, la regi\u00f3n de Es Raiguer. Es una zona de transici\u00f3n desde las monta\u00f1as hasta la llanura de Plass en el centro de Mallorca. Aqu\u00ed hay&#8230;<\/p>\n","protected":false},"author":2,"featured_media":257,"comment_status":"open","ping_status":"closed","sticky":false,"template":"","format":"standard","meta":{"ngg_post_thumbnail":0,"footnotes":""},"categories":[1],"tags":[],"class_list":["post-518","post","type-post","status-publish","format-standard","has-post-thumbnail","hentry","category-sin-categorizar"],"yoast_head":"<!-- This site is optimized with the Yoast SEO plugin v26.2 - https:\/\/yoast.com\/wordpress\/plugins\/seo\/ -->\n<title>Es Raiguer - Blog Mallorca Charme<\/title>\n<meta name=\"robots\" content=\"noindex, follow\" \/>\n<meta property=\"og:locale\" content=\"es_ES\" \/>\n<meta property=\"og:type\" content=\"article\" \/>\n<meta property=\"og:title\" content=\"Es Raiguer - Blog Mallorca Charme\" \/>\n<meta property=\"og:description\" content=\"Al lado de la Serra de Tramuntana se encuentra en la vertiente sureste de la cordillera entre la pen\u00ednsula de La Victoria y la regi\u00f3n urbana de la capital, Palma, la regi\u00f3n de Es Raiguer. Es una zona de transici\u00f3n desde las monta\u00f1as hasta la llanura de Plass en el centro de Mallorca. Aqu\u00ed hay...\" \/>\n<meta property=\"og:url\" content=\"https:\/\/www.fincasmallorcacharme.com\/blog\/es-raiguer\/\" \/>\n<meta property=\"og:site_name\" content=\"Blog Mallorca Charme\" \/>\n<meta property=\"article:published_time\" content=\"2018-01-09T11:02:34+00:00\" \/>\n<meta property=\"article:modified_time\" content=\"2018-01-09T12:51:57+00:00\" \/>\n<meta property=\"og:image\" content=\"https:\/\/www.fincasmallorcacharme.com\/blog\/wp-content\/uploads\/2017\/12\/raiger.png\" \/>\n\t<meta property=\"og:image:width\" content=\"480\" \/>\n\t<meta property=\"og:image:height\" content=\"450\" \/>\n\t<meta property=\"og:image:type\" content=\"image\/png\" \/>\n<meta name=\"author\" content=\"mallorcacharme\" \/>\n<meta name=\"twitter:card\" content=\"summary_large_image\" \/>\n<meta name=\"twitter:label1\" content=\"Escrito por\" \/>\n\t<meta name=\"twitter:data1\" content=\"mallorcacharme\" \/>\n\t<meta name=\"twitter:label2\" content=\"Tiempo de lectura\" \/>\n\t<meta name=\"twitter:data2\" content=\"1 minuto\" \/>\n<script type=\"application\/ld+json\" class=\"yoast-schema-graph\">{\"@context\":\"https:\/\/schema.org\",\"@graph\":[{\"@type\":\"Article\",\"@id\":\"https:\/\/www.fincasmallorcacharme.com\/blog\/es-raiguer\/#article\",\"isPartOf\":{\"@id\":\"https:\/\/www.fincasmallorcacharme.com\/blog\/es-raiguer\/\"},\"author\":{\"name\":\"mallorcacharme\",\"@id\":\"https:\/\/www.fincasmallorcacharme.com\/blog\/en\/#\/schema\/person\/335f2ad1ce51d3ab88517478d04fb7d7\"},\"headline\":\"Es Raiguer\",\"datePublished\":\"2018-01-09T11:02:34+00:00\",\"dateModified\":\"2018-01-09T12:51:57+00:00\",\"mainEntityOfPage\":{\"@id\":\"https:\/\/www.fincasmallorcacharme.com\/blog\/es-raiguer\/\"},\"wordCount\":153,\"commentCount\":0,\"publisher\":{\"@id\":\"https:\/\/www.fincasmallorcacharme.com\/blog\/en\/#organization\"},\"image\":{\"@id\":\"https:\/\/www.fincasmallorcacharme.com\/blog\/es-raiguer\/#primaryimage\"},\"thumbnailUrl\":\"https:\/\/www.fincasmallorcacharme.com\/blog\/wp-content\/uploads\/2017\/12\/raiger.png\",\"articleSection\":[\"Sin categorizar\"],\"inLanguage\":\"es\",\"potentialAction\":[{\"@type\":\"CommentAction\",\"name\":\"Comment\",\"target\":[\"https:\/\/www.fincasmallorcacharme.com\/blog\/es-raiguer\/#respond\"]}]},{\"@type\":\"WebPage\",\"@id\":\"https:\/\/www.fincasmallorcacharme.com\/blog\/es-raiguer\/\",\"url\":\"https:\/\/www.fincasmallorcacharme.com\/blog\/es-raiguer\/\",\"name\":\"Es Raiguer - Blog Mallorca Charme\",\"isPartOf\":{\"@id\":\"https:\/\/www.fincasmallorcacharme.com\/blog\/en\/#website\"},\"primaryImageOfPage\":{\"@id\":\"https:\/\/www.fincasmallorcacharme.com\/blog\/es-raiguer\/#primaryimage\"},\"image\":{\"@id\":\"https:\/\/www.fincasmallorcacharme.com\/blog\/es-raiguer\/#primaryimage\"},\"thumbnailUrl\":\"https:\/\/www.fincasmallorcacharme.com\/blog\/wp-content\/uploads\/2017\/12\/raiger.png\",\"datePublished\":\"2018-01-09T11:02:34+00:00\",\"dateModified\":\"2018-01-09T12:51:57+00:00\",\"inLanguage\":\"es\",\"potentialAction\":[{\"@type\":\"ReadAction\",\"target\":[\"https:\/\/www.fincasmallorcacharme.com\/blog\/es-raiguer\/\"]}]},{\"@type\":\"ImageObject\",\"inLanguage\":\"es\",\"@id\":\"https:\/\/www.fincasmallorcacharme.com\/blog\/es-raiguer\/#primaryimage\",\"url\":\"https:\/\/www.fincasmallorcacharme.com\/blog\/wp-content\/uploads\/2017\/12\/raiger.png\",\"contentUrl\":\"https:\/\/www.fincasmallorcacharme.com\/blog\/wp-content\/uploads\/2017\/12\/raiger.png\",\"width\":480,\"height\":450},{\"@type\":\"WebSite\",\"@id\":\"https:\/\/www.fincasmallorcacharme.com\/blog\/en\/#website\",\"url\":\"https:\/\/www.fincasmallorcacharme.com\/blog\/en\/\",\"name\":\"Blog Mallorca Charme\",\"description\":\"Fincasmallorcacharme Blog\",\"publisher\":{\"@id\":\"https:\/\/www.fincasmallorcacharme.com\/blog\/en\/#organization\"},\"potentialAction\":[{\"@type\":\"SearchAction\",\"target\":{\"@type\":\"EntryPoint\",\"urlTemplate\":\"https:\/\/www.fincasmallorcacharme.com\/blog\/en\/?s={search_term_string}\"},\"query-input\":{\"@type\":\"PropertyValueSpecification\",\"valueRequired\":true,\"valueName\":\"search_term_string\"}}],\"inLanguage\":\"es\"},{\"@type\":\"Organization\",\"@id\":\"https:\/\/www.fincasmallorcacharme.com\/blog\/en\/#organization\",\"name\":\"Blog Mallorca Charme\",\"url\":\"https:\/\/www.fincasmallorcacharme.com\/blog\/en\/\",\"logo\":{\"@type\":\"ImageObject\",\"inLanguage\":\"es\",\"@id\":\"https:\/\/www.fincasmallorcacharme.com\/blog\/en\/#\/schema\/logo\/image\/\",\"url\":\"https:\/\/www.fincasmallorcacharme.com\/blog\/wp-content\/uploads\/2020\/02\/cropped-headerrrrr-1.png\",\"contentUrl\":\"https:\/\/www.fincasmallorcacharme.com\/blog\/wp-content\/uploads\/2020\/02\/cropped-headerrrrr-1.png\",\"width\":1250,\"height\":250,\"caption\":\"Blog Mallorca Charme\"},\"image\":{\"@id\":\"https:\/\/www.fincasmallorcacharme.com\/blog\/en\/#\/schema\/logo\/image\/\"}},{\"@type\":\"Person\",\"@id\":\"https:\/\/www.fincasmallorcacharme.com\/blog\/en\/#\/schema\/person\/335f2ad1ce51d3ab88517478d04fb7d7\",\"name\":\"mallorcacharme\",\"url\":\"https:\/\/www.fincasmallorcacharme.com\/blog\/author\/mallorcacharme\/\"}]}<\/script>\n<!-- \/ Yoast SEO plugin. -->","yoast_head_json":{"title":"Es Raiguer - Blog Mallorca Charme","robots":{"index":"noindex","follow":"follow"},"og_locale":"es_ES","og_type":"article","og_title":"Es Raiguer - Blog Mallorca Charme","og_description":"Al lado de la Serra de Tramuntana se encuentra en la vertiente sureste de la cordillera entre la pen\u00ednsula de La Victoria y la regi\u00f3n urbana de la capital, Palma, la regi\u00f3n de Es Raiguer. Es una zona de transici\u00f3n desde las monta\u00f1as hasta la llanura de Plass en el centro de Mallorca. Aqu\u00ed hay...","og_url":"https:\/\/www.fincasmallorcacharme.com\/blog\/es-raiguer\/","og_site_name":"Blog Mallorca Charme","article_published_time":"2018-01-09T11:02:34+00:00","article_modified_time":"2018-01-09T12:51:57+00:00","og_image":[{"width":480,"height":450,"url":"https:\/\/www.fincasmallorcacharme.com\/blog\/wp-content\/uploads\/2017\/12\/raiger.png","type":"image\/png"}],"author":"mallorcacharme","twitter_card":"summary_large_image","twitter_misc":{"Escrito por":"mallorcacharme","Tiempo de lectura":"1 minuto"},"schema":{"@context":"https:\/\/schema.org","@graph":[{"@type":"Article","@id":"https:\/\/www.fincasmallorcacharme.com\/blog\/es-raiguer\/#article","isPartOf":{"@id":"https:\/\/www.fincasmallorcacharme.com\/blog\/es-raiguer\/"},"author":{"name":"mallorcacharme","@id":"https:\/\/www.fincasmallorcacharme.com\/blog\/en\/#\/schema\/person\/335f2ad1ce51d3ab88517478d04fb7d7"},"headline":"Es Raiguer","datePublished":"2018-01-09T11:02:34+00:00","dateModified":"2018-01-09T12:51:57+00:00","mainEntityOfPage":{"@id":"https:\/\/www.fincasmallorcacharme.com\/blog\/es-raiguer\/"},"wordCount":153,"commentCount":0,"publisher":{"@id":"https:\/\/www.fincasmallorcacharme.com\/blog\/en\/#organization"},"image":{"@id":"https:\/\/www.fincasmallorcacharme.com\/blog\/es-raiguer\/#primaryimage"},"thumbnailUrl":"https:\/\/www.fincasmallorcacharme.com\/blog\/wp-content\/uploads\/2017\/12\/raiger.png","articleSection":["Sin categorizar"],"inLanguage":"es","potentialAction":[{"@type":"CommentAction","name":"Comment","target":["https:\/\/www.fincasmallorcacharme.com\/blog\/es-raiguer\/#respond"]}]},{"@type":"WebPage","@id":"https:\/\/www.fincasmallorcacharme.com\/blog\/es-raiguer\/","url":"https:\/\/www.fincasmallorcacharme.com\/blog\/es-raiguer\/","name":"Es Raiguer - Blog Mallorca Charme","isPartOf":{"@id":"https:\/\/www.fincasmallorcacharme.com\/blog\/en\/#website"},"primaryImageOfPage":{"@id":"https:\/\/www.fincasmallorcacharme.com\/blog\/es-raiguer\/#primaryimage"},"image":{"@id":"https:\/\/www.fincasmallorcacharme.com\/blog\/es-raiguer\/#primaryimage"},"thumbnailUrl":"https:\/\/www.fincasmallorcacharme.com\/blog\/wp-content\/uploads\/2017\/12\/raiger.png","datePublished":"2018-01-09T11:02:34+00:00","dateModified":"2018-01-09T12:51:57+00:00","inLanguage":"es","potentialAction":[{"@type":"ReadAction","target":["https:\/\/www.fincasmallorcacharme.com\/blog\/es-raiguer\/"]}]},{"@type":"ImageObject","inLanguage":"es","@id":"https:\/\/www.fincasmallorcacharme.com\/blog\/es-raiguer\/#primaryimage","url":"https:\/\/www.fincasmallorcacharme.com\/blog\/wp-content\/uploads\/2017\/12\/raiger.png","contentUrl":"https:\/\/www.fincasmallorcacharme.com\/blog\/wp-content\/uploads\/2017\/12\/raiger.png","width":480,"height":450},{"@type":"WebSite","@id":"https:\/\/www.fincasmallorcacharme.com\/blog\/en\/#website","url":"https:\/\/www.fincasmallorcacharme.com\/blog\/en\/","name":"Blog Mallorca Charme","description":"Fincasmallorcacharme Blog","publisher":{"@id":"https:\/\/www.fincasmallorcacharme.com\/blog\/en\/#organization"},"potentialAction":[{"@type":"SearchAction","target":{"@type":"EntryPoint","urlTemplate":"https:\/\/www.fincasmallorcacharme.com\/blog\/en\/?s={search_term_string}"},"query-input":{"@type":"PropertyValueSpecification","valueRequired":true,"valueName":"search_term_string"}}],"inLanguage":"es"},{"@type":"Organization","@id":"https:\/\/www.fincasmallorcacharme.com\/blog\/en\/#organization","name":"Blog Mallorca Charme","url":"https:\/\/www.fincasmallorcacharme.com\/blog\/en\/","logo":{"@type":"ImageObject","inLanguage":"es","@id":"https:\/\/www.fincasmallorcacharme.com\/blog\/en\/#\/schema\/logo\/image\/","url":"https:\/\/www.fincasmallorcacharme.com\/blog\/wp-content\/uploads\/2020\/02\/cropped-headerrrrr-1.png","contentUrl":"https:\/\/www.fincasmallorcacharme.com\/blog\/wp-content\/uploads\/2020\/02\/cropped-headerrrrr-1.png","width":1250,"height":250,"caption":"Blog Mallorca Charme"},"image":{"@id":"https:\/\/www.fincasmallorcacharme.com\/blog\/en\/#\/schema\/logo\/image\/"}},{"@type":"Person","@id":"https:\/\/www.fincasmallorcacharme.com\/blog\/en\/#\/schema\/person\/335f2ad1ce51d3ab88517478d04fb7d7","name":"mallorcacharme","url":"https:\/\/www.fincasmallorcacharme.com\/blog\/author\/mallorcacharme\/"}]}},"amp_enabled":true,"_links":{"self":[{"href":"https:\/\/www.fincasmallorcacharme.com\/blog\/wp-json\/wp\/v2\/posts\/518","targetHints":{"allow":["GET"]}}],"collection":[{"href":"https:\/\/www.fincasmallorcacharme.com\/blog\/wp-json\/wp\/v2\/posts"}],"about":[{"href":"https:\/\/www.fincasmallorcacharme.com\/blog\/wp-json\/wp\/v2\/types\/post"}],"author":[{"embeddable":true,"href":"https:\/\/www.fincasmallorcacharme.com\/blog\/wp-json\/wp\/v2\/users\/2"}],"replies":[{"embeddable":true,"href":"https:\/\/www.fincasmallorcacharme.com\/blog\/wp-json\/wp\/v2\/comments?post=518"}],"version-history":[{"count":1,"href":"https:\/\/www.fincasmallorcacharme.com\/blog\/wp-json\/wp\/v2\/posts\/518\/revisions"}],"predecessor-version":[{"id":519,"href":"https:\/\/www.fincasmallorcacharme.com\/blog\/wp-json\/wp\/v2\/posts\/518\/revisions\/519"}],"wp:featuredmedia":[{"embeddable":true,"href":"https:\/\/www.fincasmallorcacharme.com\/blog\/wp-json\/wp\/v2\/media\/257"}],"wp:attachment":[{"href":"https:\/\/www.fincasmallorcacharme.com\/blog\/wp-json\/wp\/v2\/media?parent=518"}],"wp:term":[{"taxonomy":"category","embeddable":true,"href":"https:\/\/www.fincasmallorcacharme.com\/blog\/wp-json\/wp\/v2\/categories?post=518"},{"taxonomy":"post_tag","embeddable":true,"href":"https:\/\/www.fincasmallorcacharme.com\/blog\/wp-json\/wp\/v2\/tags?post=518"}],"curies":[{"name":"wp","href":"https:\/\/api.w.org\/{rel}","templated":true}]}}