{"id":4345,"date":"2025-09-18T11:13:01","date_gmt":"2025-09-18T11:13:01","guid":{"rendered":"https:\/\/www.fincasmallorcacharme.com\/blog\/?p=4345"},"modified":"2025-09-17T19:02:20","modified_gmt":"2025-09-17T19:02:20","slug":"alojamiento-mallorca-ciclistas","status":"publish","type":"post","link":"https:\/\/www.fincasmallorcacharme.com\/blog\/alojamiento-mallorca-ciclistas\/","title":{"rendered":"Alojamiento en Mallorca si eres un amante del ciclismo"},"content":{"rendered":"<p><span style=\"font-weight: 400;\">Mallorca es un para\u00edso para los ciclistas de todo el mundo.<\/span><\/p>\n<p>&nbsp;<\/p>\n<p><span style=\"font-weight: 400;\">\u00bfPor qu\u00e9?<\/span><\/p>\n<p>&nbsp;<\/p>\n<p><span style=\"font-weight: 400;\">La respuesta es sencilla: las carreteras junto al mar, los puertos de monta\u00f1a y los paisajes que quitan el aliento.&nbsp;<\/span><\/p>\n<p>&nbsp;<\/p>\n<p><span style=\"font-weight: 400;\">Pero para disfrutar al m\u00e1ximo de la experiencia sobre dos ruedas, es clave elegir el alojamiento adecuado.&nbsp;<\/span><\/p>\n<p>&nbsp;<\/p>\n<p><span style=\"font-weight: 400;\">Aqu\u00ed te contamos d\u00f3nde alojarte en Mallorca si eres un amante del ciclismo, con opciones pensadas para tu comodidad, con buena ubicaci\u00f3n y las mejores zonas para quienes buscan pedalear cada d\u00eda.<\/span><\/p>\n<p>&nbsp;<\/p>\n<div id=\"toc_container\" class=\"no_bullets\"><p class=\"toc_title\">&Uuml;bersicht<\/p><ul class=\"toc_list\"><li><a href=\"#Mallorca_el_paraiso_del_ciclismo_en_el_Mediterraneo\"><span class=\"toc_number toc_depth_1\">1<\/span> Mallorca, el para\u00edso del ciclismo en el Mediterr\u00e1neo<\/a><\/li><li><a href=\"#Rutas_imprescindibles_para_ciclistas_en_Mallorca\"><span class=\"toc_number toc_depth_1\">2<\/span> Rutas imprescindibles para ciclistas en Mallorca<\/a><\/li><li><a href=\"#Por_que_elegir_una_villa_como_base_de_tu_aventura\"><span class=\"toc_number toc_depth_1\">3<\/span> Por qu\u00e9 elegir una villa como base de tu aventura<\/a><ul><li><a href=\"#Ubicacion_estrategica_para_disfrutar_de_las_mejores_rutas\"><span class=\"toc_number toc_depth_2\">3.1<\/span> Ubicaci\u00f3n estrat\u00e9gica para disfrutar de las mejores rutas<\/a><\/li><li><a href=\"#Comodidad_y_descanso_para_rendir_al_maximo\"><span class=\"toc_number toc_depth_2\">3.2<\/span> Comodidad y descanso para rendir al m\u00e1ximo<\/a><\/li><\/ul><\/li><li><a href=\"#Vive_Mallorca_en_bici_con_la_base_perfecta_con_Mallorca_Charme\"><span class=\"toc_number toc_depth_1\">4<\/span> Vive Mallorca en bici con la base perfecta con Mallorca Charme<\/a><\/li><\/ul><\/div>\n<h2><span id=\"Mallorca_el_paraiso_del_ciclismo_en_el_Mediterraneo\"><span style=\"font-weight: 400;\">Mallorca, el para\u00edso del ciclismo en el Mediterr\u00e1neo<\/span><\/span><\/h2>\n<p><img fetchpriority=\"high\" decoding=\"async\" class=\"size-large wp-image-4346\" src=\"https:\/\/www.fincasmallorcacharme.com\/blog\/wp-content\/uploads\/2025\/09\/ciclismo-mallorca-01-1024x684.jpg\" alt=\"\" width=\"800\" height=\"534\" srcset=\"https:\/\/www.fincasmallorcacharme.com\/blog\/wp-content\/uploads\/2025\/09\/ciclismo-mallorca-01-1024x684.jpg 1024w, https:\/\/www.fincasmallorcacharme.com\/blog\/wp-content\/uploads\/2025\/09\/ciclismo-mallorca-01-300x200.jpg 300w, https:\/\/www.fincasmallorcacharme.com\/blog\/wp-content\/uploads\/2025\/09\/ciclismo-mallorca-01-768x513.jpg 768w, https:\/\/www.fincasmallorcacharme.com\/blog\/wp-content\/uploads\/2025\/09\/ciclismo-mallorca-01.jpg 1400w\" sizes=\"(max-width: 800px) 100vw, 800px\" \/><\/p>\n<p><span style=\"font-weight: 400;\">Mallorca es una de esas islas que se ha ganado un hueco en el coraz\u00f3n de los ciclistas de todo el mundo.&nbsp;<\/span><\/p>\n<p><span style=\"font-weight: 400;\">No importa si vienes a entrenar en serio, a preparar una temporada o a disfrutar de tu bici con amigos: aqu\u00ed tienes carreteras para todos los gustos, desde puertos hasta tramos llanos en los que pedalear con tu grupo.&nbsp;<\/span><\/p>\n<p><span style=\"font-weight: 400;\">La isla combina un clima perfecto casi todo el a\u00f1o y una red de carreteras bien cuidadas que hacen que cada salida valga la pena.<\/span><\/p>\n<p><span style=\"font-weight: 400;\">Adem\u00e1s, no hablamos solo de rutas; hablamos de un ambiente en el que ves ciclistas en cada esquina, equipos profesionales entrenando en invierno y cafeter\u00edas que ya saben exactamente lo que quieres despu\u00e9s de una tirada larga: un buen caf\u00e9 y algo de energ\u00eda r\u00e1pida.<\/span><\/p>\n<p><span style=\"font-weight: 400;\">Aqu\u00ed el ciclismo se vive diferente, porque la isla se ha adaptado a quienes la recorren sobre dos ruedas.&nbsp;<\/span><\/p>\n<p>&nbsp;<\/p>\n<h2><span id=\"Rutas_imprescindibles_para_ciclistas_en_Mallorca\"><span style=\"font-weight: 400;\">Rutas imprescindibles para ciclistas en Mallorca<\/span><\/span><\/h2>\n<p><img decoding=\"async\" class=\"aligncenter size-large wp-image-4349\" src=\"https:\/\/www.fincasmallorcacharme.com\/blog\/wp-content\/uploads\/2025\/09\/ciclismo-mallorca-02-1024x682.jpg\" alt=\"\" width=\"800\" height=\"533\" srcset=\"https:\/\/www.fincasmallorcacharme.com\/blog\/wp-content\/uploads\/2025\/09\/ciclismo-mallorca-02-1024x682.jpg 1024w, https:\/\/www.fincasmallorcacharme.com\/blog\/wp-content\/uploads\/2025\/09\/ciclismo-mallorca-02-300x200.jpg 300w, https:\/\/www.fincasmallorcacharme.com\/blog\/wp-content\/uploads\/2025\/09\/ciclismo-mallorca-02-768x512.jpg 768w, https:\/\/www.fincasmallorcacharme.com\/blog\/wp-content\/uploads\/2025\/09\/ciclismo-mallorca-02.jpg 1400w\" sizes=\"(max-width: 800px) 100vw, 800px\" \/><\/p>\n<p><span style=\"font-weight: 400;\">Hablar de ciclismo en Mallorca es hablar de<\/span><b> Sa Calobra<\/b><span style=\"font-weight: 400;\">, una de las carreteras m\u00e1s espectaculares de Europa.<\/span><\/p>\n<p><span style=\"font-weight: 400;\">Es famosa por sus curvas y el desnivel acumulado, un reto que cualquier amante del ciclismo sue\u00f1a con tachar de su lista. No es solo la subida: el descenso tambi\u00e9n exige t\u00e9cnica y concentraci\u00f3n, as\u00ed que es una ruta que deja huella.<\/span><\/p>\n<p><span style=\"font-weight: 400;\">Otro cl\u00e1sico es el <\/span><b>Puig Major<\/b><span style=\"font-weight: 400;\">, el puerto m\u00e1s alto de la isla. Subirlo es sin\u00f3nimo de sudar, pero tambi\u00e9n de sentir esa satisfacci\u00f3n al coronar un puerto que parece no terminar nunca.&nbsp;<\/span><\/p>\n<p><span style=\"font-weight: 400;\">Si buscas un recorrido m\u00e1s suave, los caminos que atraviesan el <\/span><b>Pla de Mallorca <\/b><span style=\"font-weight: 400;\">son perfectos para rodar a buen ritmo, atravesando los pueblos y disfrutando de un paisaje rural que te da otra cara de la isla.<\/span><\/p>\n<p><span style=\"font-weight: 400;\">Y no olvidemos<\/span><b> Cap de Formentor<\/b><span style=\"font-weight: 400;\">, una ruta que combina exigencia y belleza. El recorrido hacia el faro tiene subidas, bajadas y vistas que hacen que el esfuerzo se sienta menos duro.&nbsp;<\/span><\/p>\n<p><span style=\"font-weight: 400;\">Es un trayecto ideal para cerrar un viaje ciclista con esa sensaci\u00f3n de haber vivido algo grande.<\/span><\/p>\n<p>&nbsp;<\/p>\n<h2><span id=\"Por_que_elegir_una_villa_como_base_de_tu_aventura\"><span style=\"font-weight: 400;\">Por qu\u00e9 elegir una villa como base de tu aventura<\/span><\/span><\/h2>\n<p><span style=\"font-weight: 400;\">Cuando vienes a Mallorca con la bici, tu alojamiento no es un simple lugar para dormir.&nbsp;<\/span><\/p>\n<p><span style=\"font-weight: 400;\">Se convierte en tu base de descanso y preparaci\u00f3n, el sitio donde guardas la bici, donde recuperas fuerzas y donde planificas la siguiente salida. Por eso, una villa tiene ventajas enormes frente a un hotel o apartamento peque\u00f1o.<\/span><\/p>\n<p><span style=\"font-weight: 400;\">En una finca como<\/span><a href=\"https:\/\/www.fincasmallorcacharme.com\/alquiler\/finca-llubi-047-finca-son-barraquer-etv-5204-by-mallorca-charm-219215.html\"> <span style=\"font-weight: 400;\">Son Barraquer en Llub\u00ed<\/span><\/a><span style=\"font-weight: 400;\"> encuentras el espacio que un ciclista necesita.&nbsp;<\/span><\/p>\n<p><span style=\"font-weight: 400;\">Hay sitio para guardar las bicis de manera c\u00f3moda, zonas amplias para estiramientos o para que el grupo repase la ruta del d\u00eda siguiente, y la tranquilidad de saber que est\u00e1s en un entorno pensado para descansar de verdad.<\/span><\/p>\n<p><span style=\"font-weight: 400;\">Adem\u00e1s, tener cocina propia te da libertad total: preparas tu desayuno cargado de carbohidratos a la hora que quieras, cocinas algo r\u00e1pido al volver de entrenar y no dependes de horarios de restaurante. Ese control de tu rutina es oro puro cuando tu prioridad es rendir bien sobre la bici.<\/span><\/p>\n<p>&nbsp;<\/p>\n<h3><span id=\"Ubicacion_estrategica_para_disfrutar_de_las_mejores_rutas\"><span style=\"font-weight: 400;\">Ubicaci\u00f3n estrat\u00e9gica para disfrutar de las mejores rutas<\/span><\/span><\/h3>\n<p><span style=\"font-weight: 400;\">Una finca en el centro de la isla, como la de Llub\u00ed, es un punto de partida perfecto para llegar r\u00e1pido a cualquier ruta.&nbsp;<\/span><\/p>\n<p><span style=\"font-weight: 400;\">Est\u00e1s a un paso del Pla de Mallorca para entrenar en llano, y a la vez bien conectado con la Serra de Tramuntana, donde esperan los puertos m\u00e1s m\u00edticos.<\/span><\/p>\n<p><span style=\"font-weight: 400;\">Ese equilibrio es ideal para quienes buscan variedad en sus salidas. Un d\u00eda puedes rodar suave entre pueblos, y al siguiente lanzarte a conquistar Sa Calobra o Puig Major. No tienes que hacer desplazamientos eternos para empezar tu ruta: sales de casa y ya est\u00e1s en carretera.<\/span><\/p>\n<p><span style=\"font-weight: 400;\">Adem\u00e1s, estar en un pueblo como Llub\u00ed significa tener cerca todo lo b\u00e1sico: supermercados, cafeter\u00edas para una parada r\u00e1pida y la conexi\u00f3n con carreteras secundarias menos transitadas, algo que se agradece por la seguridad y la experiencia m\u00e1s agradable en bici.<\/span><\/p>\n<p>&nbsp;<\/p>\n<h3><span id=\"Comodidad_y_descanso_para_rendir_al_maximo\"><span style=\"font-weight: 400;\">Comodidad y descanso para rendir al m\u00e1ximo<\/span><\/span><\/h3>\n<p><span style=\"font-weight: 400;\">El entrenamiento sobre la bici es solo la mitad de la historia: la otra mitad es c\u00f3mo recuperas.&nbsp;<\/span><\/p>\n<p><span style=\"font-weight: 400;\">Aqu\u00ed es donde la comodidad de una villa marca la diferencia.&nbsp;<\/span><\/p>\n<p><span style=\"font-weight: 400;\">Tener habitaciones amplias, un sal\u00f3n donde relajarte y una piscina para soltar las piernas despu\u00e9s de un d\u00eda duro es algo que agradeces m\u00e1s de lo que imaginas.<\/span><\/p>\n<p><span style=\"font-weight: 400;\">Dormir bien y comer cuando lo necesites son factores que impactan directamente en tu rendimiento. Un alojamiento pensado para tu comodidad se traduce en m\u00e1s energ\u00eda para afrontar las rutas y en menos estr\u00e9s log\u00edstico.&nbsp;<\/span><\/p>\n<p><span style=\"font-weight: 400;\">Y si vienes en grupo, todav\u00eda mejor: todos ten\u00e9is espacio suficiente sin sentiros apretados, y eso se traduce en buen ambiente durante toda la estancia.<\/span><\/p>\n<p><span style=\"font-weight: 400;\">La experiencia ciclista en Mallorca no se trata solo de pedalear fuerte; se trata de disfrutar cada detalle del viaje, y el descanso es tan importante como la ruta.&nbsp;<\/span><\/p>\n<p><span style=\"font-weight: 400;\">Un alojamiento c\u00f3modo y bien equipado multiplica la satisfacci\u00f3n de cada salida.<\/span><\/p>\n<p>&nbsp;<\/p>\n<h2><span id=\"Vive_Mallorca_en_bici_con_la_base_perfecta_con_Mallorca_Charme\"><span style=\"font-weight: 400;\">Vive Mallorca en bici con la base perfecta con Mallorca Charme<\/span><\/span><\/h2>\n<p><span style=\"font-weight: 400;\">Al final, elegir d\u00f3nde alojarte cuando vienes a Mallorca con la bici puede ser la diferencia entre un viaje bueno y un viaje incre\u00edble.&nbsp;<\/span><\/p>\n<p><span style=\"font-weight: 400;\">Una villa como Son Barraquer en Llub\u00ed te da el espacio, la ubicaci\u00f3n y la comodidad que necesitas para disfrutar de cada kil\u00f3metro.<\/span><\/p>\n<p><span style=\"font-weight: 400;\">Si est\u00e1s pensando en organizar tu pr\u00f3xima aventura ciclista en la isla, no lo dudes: dale valor a tu alojamiento, porque ser\u00e1 tu punto de partida cada d\u00eda.&nbsp;<\/span><\/p>\n<p><span style=\"font-weight: 400;\">Un lugar bien elegido multiplica la experiencia y hace que cada salida sobre la bici cuente a\u00fan m\u00e1s.<\/span><\/p>\n<p><span style=\"font-weight: 400;\">\u00bfQuieres dar el paso?&nbsp;<\/span><\/p>\n<p><a href=\"https:\/\/www.fincasmallorcacharme.com\/contacto\/\"><span style=\"font-weight: 400;\">Cont\u00e1ctanos<\/span><\/a><span style=\"font-weight: 400;\"> y organiza ya tu viaje ciclista con un alojamiento hecho para ti.<\/span><\/p>\n<p>&nbsp;<\/p>\n","protected":false},"excerpt":{"rendered":"<p>Mallorca es un para\u00edso para los ciclistas de todo el mundo. &nbsp; \u00bfPor qu\u00e9? &nbsp; La respuesta es sencilla: las carreteras junto al mar, los puertos de monta\u00f1a y los paisajes que quitan el aliento.&nbsp; &nbsp; Pero para disfrutar al m\u00e1ximo de la experiencia sobre dos ruedas, es clave elegir el alojamiento adecuado.&nbsp; &nbsp; Aqu\u00ed&#8230;<\/p>\n","protected":false},"author":2,"featured_media":4352,"comment_status":"closed","ping_status":"closed","sticky":false,"template":"","format":"standard","meta":{"ngg_post_thumbnail":0,"footnotes":""},"categories":[82],"tags":[],"class_list":["post-4345","post","type-post","status-publish","format-standard","has-post-thumbnail","hentry","category-mallorca"],"yoast_head":"<!-- This site is optimized with the Yoast SEO plugin v26.2 - https:\/\/yoast.com\/wordpress\/plugins\/seo\/ -->\n<title>Alojamiento en Mallorca para ciclistas - Blog Mallorca Charme<\/title>\n<meta name=\"description\" content=\"Descubre d\u00f3nde alojarte en Mallorca si eres amante del ciclismo. Villas con ubicaci\u00f3n ideal, comodidad y acceso a las mejores rutas.\" \/>\n<meta name=\"robots\" content=\"index, follow, max-snippet:-1, max-image-preview:large, max-video-preview:-1\" \/>\n<link rel=\"canonical\" href=\"https:\/\/www.fincasmallorcacharme.com\/blog\/alojamiento-mallorca-ciclistas\/\" \/>\n<meta property=\"og:locale\" content=\"es_ES\" \/>\n<meta property=\"og:type\" content=\"article\" \/>\n<meta property=\"og:title\" content=\"Alojamiento en Mallorca para ciclistas - Blog Mallorca Charme\" \/>\n<meta property=\"og:description\" content=\"Descubre d\u00f3nde alojarte en Mallorca si eres amante del ciclismo. Villas con ubicaci\u00f3n ideal, comodidad y acceso a las mejores rutas.\" \/>\n<meta property=\"og:url\" content=\"https:\/\/www.fincasmallorcacharme.com\/blog\/alojamiento-mallorca-ciclistas\/\" \/>\n<meta property=\"og:site_name\" content=\"Blog Mallorca Charme\" \/>\n<meta property=\"article:published_time\" content=\"2025-09-18T11:13:01+00:00\" \/>\n<meta property=\"og:image\" content=\"https:\/\/www.fincasmallorcacharme.com\/blog\/wp-content\/uploads\/2025\/09\/ciclismo-mallorca-03.jpg\" \/>\n\t<meta property=\"og:image:width\" content=\"1300\" \/>\n\t<meta property=\"og:image:height\" content=\"867\" \/>\n\t<meta property=\"og:image:type\" content=\"image\/jpeg\" \/>\n<meta name=\"author\" content=\"mallorcacharme\" \/>\n<meta name=\"twitter:card\" content=\"summary_large_image\" \/>\n<meta name=\"twitter:label1\" content=\"Escrito por\" \/>\n\t<meta name=\"twitter:data1\" content=\"mallorcacharme\" \/>\n\t<meta name=\"twitter:label2\" content=\"Tiempo de lectura\" \/>\n\t<meta name=\"twitter:data2\" content=\"6 minutos\" \/>\n<script type=\"application\/ld+json\" class=\"yoast-schema-graph\">{\"@context\":\"https:\/\/schema.org\",\"@graph\":[{\"@type\":\"Article\",\"@id\":\"https:\/\/www.fincasmallorcacharme.com\/blog\/alojamiento-mallorca-ciclistas\/#article\",\"isPartOf\":{\"@id\":\"https:\/\/www.fincasmallorcacharme.com\/blog\/alojamiento-mallorca-ciclistas\/\"},\"author\":{\"name\":\"mallorcacharme\",\"@id\":\"https:\/\/www.fincasmallorcacharme.com\/blog\/en\/#\/schema\/person\/335f2ad1ce51d3ab88517478d04fb7d7\"},\"headline\":\"Alojamiento en Mallorca si eres un amante del ciclismo\",\"datePublished\":\"2025-09-18T11:13:01+00:00\",\"mainEntityOfPage\":{\"@id\":\"https:\/\/www.fincasmallorcacharme.com\/blog\/alojamiento-mallorca-ciclistas\/\"},\"wordCount\":1138,\"publisher\":{\"@id\":\"https:\/\/www.fincasmallorcacharme.com\/blog\/en\/#organization\"},\"image\":{\"@id\":\"https:\/\/www.fincasmallorcacharme.com\/blog\/alojamiento-mallorca-ciclistas\/#primaryimage\"},\"thumbnailUrl\":\"https:\/\/www.fincasmallorcacharme.com\/blog\/wp-content\/uploads\/2025\/09\/ciclismo-mallorca-03.jpg\",\"articleSection\":[\"Mallorca\"],\"inLanguage\":\"es\"},{\"@type\":\"WebPage\",\"@id\":\"https:\/\/www.fincasmallorcacharme.com\/blog\/alojamiento-mallorca-ciclistas\/\",\"url\":\"https:\/\/www.fincasmallorcacharme.com\/blog\/alojamiento-mallorca-ciclistas\/\",\"name\":\"Alojamiento en Mallorca para ciclistas - Blog Mallorca Charme\",\"isPartOf\":{\"@id\":\"https:\/\/www.fincasmallorcacharme.com\/blog\/en\/#website\"},\"primaryImageOfPage\":{\"@id\":\"https:\/\/www.fincasmallorcacharme.com\/blog\/alojamiento-mallorca-ciclistas\/#primaryimage\"},\"image\":{\"@id\":\"https:\/\/www.fincasmallorcacharme.com\/blog\/alojamiento-mallorca-ciclistas\/#primaryimage\"},\"thumbnailUrl\":\"https:\/\/www.fincasmallorcacharme.com\/blog\/wp-content\/uploads\/2025\/09\/ciclismo-mallorca-03.jpg\",\"datePublished\":\"2025-09-18T11:13:01+00:00\",\"description\":\"Descubre d\u00f3nde alojarte en Mallorca si eres amante del ciclismo. Villas con ubicaci\u00f3n ideal, comodidad y acceso a las mejores rutas.\",\"inLanguage\":\"es\",\"potentialAction\":[{\"@type\":\"ReadAction\",\"target\":[\"https:\/\/www.fincasmallorcacharme.com\/blog\/alojamiento-mallorca-ciclistas\/\"]}]},{\"@type\":\"ImageObject\",\"inLanguage\":\"es\",\"@id\":\"https:\/\/www.fincasmallorcacharme.com\/blog\/alojamiento-mallorca-ciclistas\/#primaryimage\",\"url\":\"https:\/\/www.fincasmallorcacharme.com\/blog\/wp-content\/uploads\/2025\/09\/ciclismo-mallorca-03.jpg\",\"contentUrl\":\"https:\/\/www.fincasmallorcacharme.com\/blog\/wp-content\/uploads\/2025\/09\/ciclismo-mallorca-03.jpg\",\"width\":1300,\"height\":867},{\"@type\":\"WebSite\",\"@id\":\"https:\/\/www.fincasmallorcacharme.com\/blog\/en\/#website\",\"url\":\"https:\/\/www.fincasmallorcacharme.com\/blog\/en\/\",\"name\":\"Blog Mallorca Charme\",\"description\":\"Fincasmallorcacharme Blog\",\"publisher\":{\"@id\":\"https:\/\/www.fincasmallorcacharme.com\/blog\/en\/#organization\"},\"potentialAction\":[{\"@type\":\"SearchAction\",\"target\":{\"@type\":\"EntryPoint\",\"urlTemplate\":\"https:\/\/www.fincasmallorcacharme.com\/blog\/en\/?s={search_term_string}\"},\"query-input\":{\"@type\":\"PropertyValueSpecification\",\"valueRequired\":true,\"valueName\":\"search_term_string\"}}],\"inLanguage\":\"es\"},{\"@type\":\"Organization\",\"@id\":\"https:\/\/www.fincasmallorcacharme.com\/blog\/en\/#organization\",\"name\":\"Blog Mallorca Charme\",\"url\":\"https:\/\/www.fincasmallorcacharme.com\/blog\/en\/\",\"logo\":{\"@type\":\"ImageObject\",\"inLanguage\":\"es\",\"@id\":\"https:\/\/www.fincasmallorcacharme.com\/blog\/en\/#\/schema\/logo\/image\/\",\"url\":\"https:\/\/www.fincasmallorcacharme.com\/blog\/wp-content\/uploads\/2020\/02\/cropped-headerrrrr-1.png\",\"contentUrl\":\"https:\/\/www.fincasmallorcacharme.com\/blog\/wp-content\/uploads\/2020\/02\/cropped-headerrrrr-1.png\",\"width\":1250,\"height\":250,\"caption\":\"Blog Mallorca Charme\"},\"image\":{\"@id\":\"https:\/\/www.fincasmallorcacharme.com\/blog\/en\/#\/schema\/logo\/image\/\"}},{\"@type\":\"Person\",\"@id\":\"https:\/\/www.fincasmallorcacharme.com\/blog\/en\/#\/schema\/person\/335f2ad1ce51d3ab88517478d04fb7d7\",\"name\":\"mallorcacharme\",\"url\":\"https:\/\/www.fincasmallorcacharme.com\/blog\/author\/mallorcacharme\/\"}]}<\/script>\n<!-- \/ Yoast SEO plugin. -->","yoast_head_json":{"title":"Alojamiento en Mallorca para ciclistas - Blog Mallorca Charme","description":"Descubre d\u00f3nde alojarte en Mallorca si eres amante del ciclismo. Villas con ubicaci\u00f3n ideal, comodidad y acceso a las mejores rutas.","robots":{"index":"index","follow":"follow","max-snippet":"max-snippet:-1","max-image-preview":"max-image-preview:large","max-video-preview":"max-video-preview:-1"},"canonical":"https:\/\/www.fincasmallorcacharme.com\/blog\/alojamiento-mallorca-ciclistas\/","og_locale":"es_ES","og_type":"article","og_title":"Alojamiento en Mallorca para ciclistas - Blog Mallorca Charme","og_description":"Descubre d\u00f3nde alojarte en Mallorca si eres amante del ciclismo. Villas con ubicaci\u00f3n ideal, comodidad y acceso a las mejores rutas.","og_url":"https:\/\/www.fincasmallorcacharme.com\/blog\/alojamiento-mallorca-ciclistas\/","og_site_name":"Blog Mallorca Charme","article_published_time":"2025-09-18T11:13:01+00:00","og_image":[{"width":1300,"height":867,"url":"https:\/\/www.fincasmallorcacharme.com\/blog\/wp-content\/uploads\/2025\/09\/ciclismo-mallorca-03.jpg","type":"image\/jpeg"}],"author":"mallorcacharme","twitter_card":"summary_large_image","twitter_misc":{"Escrito por":"mallorcacharme","Tiempo de lectura":"6 minutos"},"schema":{"@context":"https:\/\/schema.org","@graph":[{"@type":"Article","@id":"https:\/\/www.fincasmallorcacharme.com\/blog\/alojamiento-mallorca-ciclistas\/#article","isPartOf":{"@id":"https:\/\/www.fincasmallorcacharme.com\/blog\/alojamiento-mallorca-ciclistas\/"},"author":{"name":"mallorcacharme","@id":"https:\/\/www.fincasmallorcacharme.com\/blog\/en\/#\/schema\/person\/335f2ad1ce51d3ab88517478d04fb7d7"},"headline":"Alojamiento en Mallorca si eres un amante del ciclismo","datePublished":"2025-09-18T11:13:01+00:00","mainEntityOfPage":{"@id":"https:\/\/www.fincasmallorcacharme.com\/blog\/alojamiento-mallorca-ciclistas\/"},"wordCount":1138,"publisher":{"@id":"https:\/\/www.fincasmallorcacharme.com\/blog\/en\/#organization"},"image":{"@id":"https:\/\/www.fincasmallorcacharme.com\/blog\/alojamiento-mallorca-ciclistas\/#primaryimage"},"thumbnailUrl":"https:\/\/www.fincasmallorcacharme.com\/blog\/wp-content\/uploads\/2025\/09\/ciclismo-mallorca-03.jpg","articleSection":["Mallorca"],"inLanguage":"es"},{"@type":"WebPage","@id":"https:\/\/www.fincasmallorcacharme.com\/blog\/alojamiento-mallorca-ciclistas\/","url":"https:\/\/www.fincasmallorcacharme.com\/blog\/alojamiento-mallorca-ciclistas\/","name":"Alojamiento en Mallorca para ciclistas - Blog Mallorca Charme","isPartOf":{"@id":"https:\/\/www.fincasmallorcacharme.com\/blog\/en\/#website"},"primaryImageOfPage":{"@id":"https:\/\/www.fincasmallorcacharme.com\/blog\/alojamiento-mallorca-ciclistas\/#primaryimage"},"image":{"@id":"https:\/\/www.fincasmallorcacharme.com\/blog\/alojamiento-mallorca-ciclistas\/#primaryimage"},"thumbnailUrl":"https:\/\/www.fincasmallorcacharme.com\/blog\/wp-content\/uploads\/2025\/09\/ciclismo-mallorca-03.jpg","datePublished":"2025-09-18T11:13:01+00:00","description":"Descubre d\u00f3nde alojarte en Mallorca si eres amante del ciclismo. Villas con ubicaci\u00f3n ideal, comodidad y acceso a las mejores rutas.","inLanguage":"es","potentialAction":[{"@type":"ReadAction","target":["https:\/\/www.fincasmallorcacharme.com\/blog\/alojamiento-mallorca-ciclistas\/"]}]},{"@type":"ImageObject","inLanguage":"es","@id":"https:\/\/www.fincasmallorcacharme.com\/blog\/alojamiento-mallorca-ciclistas\/#primaryimage","url":"https:\/\/www.fincasmallorcacharme.com\/blog\/wp-content\/uploads\/2025\/09\/ciclismo-mallorca-03.jpg","contentUrl":"https:\/\/www.fincasmallorcacharme.com\/blog\/wp-content\/uploads\/2025\/09\/ciclismo-mallorca-03.jpg","width":1300,"height":867},{"@type":"WebSite","@id":"https:\/\/www.fincasmallorcacharme.com\/blog\/en\/#website","url":"https:\/\/www.fincasmallorcacharme.com\/blog\/en\/","name":"Blog Mallorca Charme","description":"Fincasmallorcacharme Blog","publisher":{"@id":"https:\/\/www.fincasmallorcacharme.com\/blog\/en\/#organization"},"potentialAction":[{"@type":"SearchAction","target":{"@type":"EntryPoint","urlTemplate":"https:\/\/www.fincasmallorcacharme.com\/blog\/en\/?s={search_term_string}"},"query-input":{"@type":"PropertyValueSpecification","valueRequired":true,"valueName":"search_term_string"}}],"inLanguage":"es"},{"@type":"Organization","@id":"https:\/\/www.fincasmallorcacharme.com\/blog\/en\/#organization","name":"Blog Mallorca Charme","url":"https:\/\/www.fincasmallorcacharme.com\/blog\/en\/","logo":{"@type":"ImageObject","inLanguage":"es","@id":"https:\/\/www.fincasmallorcacharme.com\/blog\/en\/#\/schema\/logo\/image\/","url":"https:\/\/www.fincasmallorcacharme.com\/blog\/wp-content\/uploads\/2020\/02\/cropped-headerrrrr-1.png","contentUrl":"https:\/\/www.fincasmallorcacharme.com\/blog\/wp-content\/uploads\/2020\/02\/cropped-headerrrrr-1.png","width":1250,"height":250,"caption":"Blog Mallorca Charme"},"image":{"@id":"https:\/\/www.fincasmallorcacharme.com\/blog\/en\/#\/schema\/logo\/image\/"}},{"@type":"Person","@id":"https:\/\/www.fincasmallorcacharme.com\/blog\/en\/#\/schema\/person\/335f2ad1ce51d3ab88517478d04fb7d7","name":"mallorcacharme","url":"https:\/\/www.fincasmallorcacharme.com\/blog\/author\/mallorcacharme\/"}]}},"amp_enabled":true,"_links":{"self":[{"href":"https:\/\/www.fincasmallorcacharme.com\/blog\/wp-json\/wp\/v2\/posts\/4345","targetHints":{"allow":["GET"]}}],"collection":[{"href":"https:\/\/www.fincasmallorcacharme.com\/blog\/wp-json\/wp\/v2\/posts"}],"about":[{"href":"https:\/\/www.fincasmallorcacharme.com\/blog\/wp-json\/wp\/v2\/types\/post"}],"author":[{"embeddable":true,"href":"https:\/\/www.fincasmallorcacharme.com\/blog\/wp-json\/wp\/v2\/users\/2"}],"replies":[{"embeddable":true,"href":"https:\/\/www.fincasmallorcacharme.com\/blog\/wp-json\/wp\/v2\/comments?post=4345"}],"version-history":[{"count":1,"href":"https:\/\/www.fincasmallorcacharme.com\/blog\/wp-json\/wp\/v2\/posts\/4345\/revisions"}],"predecessor-version":[{"id":4355,"href":"https:\/\/www.fincasmallorcacharme.com\/blog\/wp-json\/wp\/v2\/posts\/4345\/revisions\/4355"}],"wp:featuredmedia":[{"embeddable":true,"href":"https:\/\/www.fincasmallorcacharme.com\/blog\/wp-json\/wp\/v2\/media\/4352"}],"wp:attachment":[{"href":"https:\/\/www.fincasmallorcacharme.com\/blog\/wp-json\/wp\/v2\/media?parent=4345"}],"wp:term":[{"taxonomy":"category","embeddable":true,"href":"https:\/\/www.fincasmallorcacharme.com\/blog\/wp-json\/wp\/v2\/categories?post=4345"},{"taxonomy":"post_tag","embeddable":true,"href":"https:\/\/www.fincasmallorcacharme.com\/blog\/wp-json\/wp\/v2\/tags?post=4345"}],"curies":[{"name":"wp","href":"https:\/\/api.w.org\/{rel}","templated":true}]}}