{"id":3385,"date":"2022-09-02T16:50:58","date_gmt":"2022-09-02T16:50:58","guid":{"rendered":"https:\/\/www.fincasmallorcacharme.com\/blog\/?p=3385"},"modified":"2022-09-02T16:50:58","modified_gmt":"2022-09-02T16:50:58","slug":"que-ver-mallorca-7-dias","status":"publish","type":"post","link":"https:\/\/www.fincasmallorcacharme.com\/blog\/que-ver-mallorca-7-dias\/","title":{"rendered":"Qu\u00e9 ver en Mallorca en 7 d\u00edas"},"content":{"rendered":"<p>La Isla de Mallorca es, sin duda, un lugar paradis\u00edaco. De hecho, creemos que existe tal variedad de actividades y sitios que disfrutar, que hemos considerado hacer esta lista de cosas para hacer, la cual conseguir\u00e1 que te lleves para siempre el recuerdo de gran parte de lo que significa vivir en una de las islas m\u00e1s bonitas y paradis\u00edacas del Mar Mediterr\u00e1neo.<\/p>\n<p>De costa a costa existen actividades para hacer y disfrutar de la isla, tanto en barco, en coche, moto, bicicleta o andando, que har\u00e1n las delicias para toda la familia y\/o amigos.<\/p>\n<div id=\"toc_container\" class=\"no_bullets\"><p class=\"toc_title\">&Uuml;bersicht<\/p><ul class=\"toc_list\"><li><a href=\"#Ideas_para_visitar_Mallorca_para_una_semana_de_vacaciones\"><span class=\"toc_number toc_depth_1\">1<\/span> Ideas para visitar Mallorca para una semana de vacaciones<\/a><ul><li><a href=\"#Dia_1_Disfrutar_de_un_dia_de_Playa_en_la_cala_Calo_des_Moro\"><span class=\"toc_number toc_depth_2\">1.1<\/span> Dia 1: Disfrutar de un d\u00eda de Playa en la cala Cal\u00f3 des Moro<\/a><\/li><li><a href=\"#Dia_2_Visitar_la_capital_Palma\"><span class=\"toc_number toc_depth_2\">1.2<\/span> D\u00eda 2: Visitar la capital, Palma<\/a><\/li><li><a href=\"#Dia_3_Cabo_Formentor\"><span class=\"toc_number toc_depth_2\">1.3<\/span> D\u00eda 3: Cabo Formentor<\/a><\/li><li><a href=\"#Dia_4_Visita_Alcudia_y_Puerto_de_Alcudia\"><span class=\"toc_number toc_depth_2\">1.4<\/span> D\u00eda 4: Visita Alc\u00fadia y Puerto de Alc\u00fadia<\/a><\/li><li><a href=\"#Dia_5_Cuevas_del_Drach_y_paseo_en_barco\"><span class=\"toc_number toc_depth_2\">1.5<\/span> D\u00eda 5: Cuevas del Drach y paseo en barco<\/a><\/li><li><a href=\"#Dia_6_Rutas_por_Mallorca\"><span class=\"toc_number toc_depth_2\">1.6<\/span> D\u00eda 6: Rutas por Mallorca<\/a><\/li><li><a href=\"#Dia_7_Disfruta_de_un_alojamiento_excepcional_en_buena_compania\"><span class=\"toc_number toc_depth_2\">1.7<\/span> D\u00eda 7: Disfruta de un alojamiento excepcional en buena compa\u00f1\u00eda<\/a><\/li><\/ul><\/li><li><a href=\"#Las_mejores_villas_para_alojarte_en_Mallorca_esa_semana\"><span class=\"toc_number toc_depth_1\">2<\/span> Las mejores villas para alojarte en Mallorca esa semana<\/a><\/li><\/ul><\/div>\n<h2><span id=\"Ideas_para_visitar_Mallorca_para_una_semana_de_vacaciones\">Ideas para visitar Mallorca para una semana de vacaciones<\/span><\/h2>\n<p>Debido a la gran variedad de experiencias que se pueden encontrar en esta maravillosa isla, hemos creado una lista que nos encanta, la cual queremos compartir con vosotros para que viv\u00e1is la mejor experiencia de saber realmente qu\u00e9 ver y qu\u00e9 visitar en Mallorca en una semana.<\/p>\n<p>Realmente, la mejor opci\u00f3n para conocer toda la isla es alquilar un veh\u00edculo para poder recorrerla al gusto y en el orden deseado. A continuaci\u00f3n, os ponemos un ejemplo de lo que ser\u00edan unas vacaciones completas.<\/p>\n<h3><span id=\"Dia_1_Disfrutar_de_un_dia_de_Playa_en_la_cala_Calo_des_Moro\">Dia 1: Disfrutar de un d\u00eda de Playa en la cala Cal\u00f3 des Moro<\/span><\/h3>\n<p>Tanto si eres un profesional de Instagram como si no, si quieres sacar una de las mejores postales de la isla de Mallorca, para ello te tienes que dirigir a Cal\u00f3 des Moro. Esta cala es un lugar imprescindible para impregnarse de la verdadera naturaleza y belleza de una aut\u00e9ntica cala mallorquina. Aguas cristalinas color turquesa unidas a una arena blanca y una orograf\u00eda espectacular de muros naturales que la protegen a ambos lados te esperan para una de las mejores postales de toda Espa\u00f1a, y orgullo de la isla.<\/p>\n<p>Para llegar a ella, tendr\u00e9is que ir por un sendero durante 15 minutos aproximadamente para llegar desde el aparcamiento m\u00e1s cercano, pero realmente merece la pena para pasar un aut\u00e9ntico d\u00eda de playa espectacular. Recomendamos llevar todos los enseres necesarios para pasar el d\u00eda, pues es una cala natural, sin comodidades como otras m\u00e1s tur\u00edsticas y cercanas a poblaciones, como las de la Playa de Muro, Alc\u00fadia, Pollen\u00e7a y dem\u00e1s localidades.<\/p>\n<p><img fetchpriority=\"high\" decoding=\"async\" class=\"aligncenter size-full wp-image-3398\" src=\"https:\/\/www.fincasmallorcacharme.com\/blog\/wp-content\/uploads\/2022\/09\/calo-des-moro.jpg\" alt=\"Calo des Moro\" width=\"1000\" height=\"664\" srcset=\"https:\/\/www.fincasmallorcacharme.com\/blog\/wp-content\/uploads\/2022\/09\/calo-des-moro.jpg 1000w, https:\/\/www.fincasmallorcacharme.com\/blog\/wp-content\/uploads\/2022\/09\/calo-des-moro-300x199.jpg 300w, https:\/\/www.fincasmallorcacharme.com\/blog\/wp-content\/uploads\/2022\/09\/calo-des-moro-768x510.jpg 768w\" sizes=\"(max-width: 1000px) 100vw, 1000px\" \/><\/p>\n<h3><span id=\"Dia_2_Visitar_la_capital_Palma\">D\u00eda 2: Visitar la capital, Palma<\/span><\/h3>\n<p>Sin duda, la ciudad de Palma de Mallorca tiene una singular belleza que har\u00e1 el deleite de los viajeros y visitantes m\u00e1s exigentes. Un lugar lleno de historia que te cautivar\u00e1, forjada a base de reconquistas de diferentes culturas y \u00e9pocas, cada cual dejando una huella m\u00e1s enraizada que la anterior, pasando a lo largo de los siglos desde los fenicios, romanos, a musulmanes y cristianos, entre otros.<br \/>\nUno de los sitios m\u00e1s caracter\u00edsticos de la historia de Palma es la Catedral, la cual se la conoce en la isla como Seo. Es una verdadera joya de la arquitectura g\u00f3tica, restaurada por Gaud\u00ed, y que impone desde lejos, provocando una de las vistas m\u00e1s famosas de la ciudad y que destaca m\u00e1s en toda la isla. Se puede comprar una entrada y visitarla por dentro para admirar esta joya del Mediterr\u00e1neo.<\/p>\n<p><img decoding=\"async\" class=\"aligncenter size-full wp-image-3404\" src=\"https:\/\/www.fincasmallorcacharme.com\/blog\/wp-content\/uploads\/2022\/09\/palma-capital-mallorca.jpg\" alt=\"Palma de Mallorca city\" width=\"1000\" height=\"421\" srcset=\"https:\/\/www.fincasmallorcacharme.com\/blog\/wp-content\/uploads\/2022\/09\/palma-capital-mallorca.jpg 1000w, https:\/\/www.fincasmallorcacharme.com\/blog\/wp-content\/uploads\/2022\/09\/palma-capital-mallorca-300x126.jpg 300w, https:\/\/www.fincasmallorcacharme.com\/blog\/wp-content\/uploads\/2022\/09\/palma-capital-mallorca-768x323.jpg 768w\" sizes=\"(max-width: 1000px) 100vw, 1000px\" \/><\/p>\n<h3><span id=\"Dia_3_Cabo_Formentor\">D\u00eda 3: Cabo Formentor<\/span><\/h3>\n<p>Uno de los lugares m\u00e1s espectaculares de Mallorca es, sin duda, el Cabo de Formentor. Una zona muy escarpada con vistas inigualables te esperan en la parte m\u00e1s al noreste de la isla. Si quieres disfrutar el d\u00eda, te recomendamos acercarte al Faro de Formentor, en una zona elevada y de carreteras en zigzag, al cual se puede llegar en coche o moto, pudiendo disfrutar de los miradores que hay de camino al faro y de las maravillosas vistas que ofrecen, pudiendo obtener la postal m\u00e1s deseada de la isla de Mallorca. Tambi\u00e9n os pod\u00e9is acercar a la Playa de Formentor, una cala espectacular de aguas cristalinas color turquesa que se sit\u00faa entre las escarpadas columnas que la protegen, creando un paisaje espectacular para pasar el d\u00eda. Ten en cuenta que en temporada alta suele haber bastante tr\u00e1fico por las serpenteadas curvas para llegar al faro, por lo que aconsejamos ir con tiempo.<\/p>\n<p><img decoding=\"async\" class=\"aligncenter size-full wp-image-3395\" src=\"https:\/\/www.fincasmallorcacharme.com\/blog\/wp-content\/uploads\/2022\/09\/cabo-formentor.jpg\" alt=\"Cabo Formentor\" width=\"1000\" height=\"666\" srcset=\"https:\/\/www.fincasmallorcacharme.com\/blog\/wp-content\/uploads\/2022\/09\/cabo-formentor.jpg 1000w, https:\/\/www.fincasmallorcacharme.com\/blog\/wp-content\/uploads\/2022\/09\/cabo-formentor-300x200.jpg 300w, https:\/\/www.fincasmallorcacharme.com\/blog\/wp-content\/uploads\/2022\/09\/cabo-formentor-768x511.jpg 768w\" sizes=\"(max-width: 1000px) 100vw, 1000px\" \/><\/p>\n<h3><span id=\"Dia_4_Visita_Alcudia_y_Puerto_de_Alcudia\">D\u00eda 4: Visita Alc\u00fadia y Puerto de Alc\u00fadia<\/span><\/h3>\n<p>Toda la zona del norte de la isla de Mallorca es un lugar bastante tur\u00edstico. Al noreste, m\u00e1s al sur del Cabo Formentor, nos encontramos con los pueblos de Alc\u00fadia y Muro, dos espectaculares localizaciones para pasar el d\u00eda en pareja, familia o con amigos. En Alc\u00fadia tienes todas las necesidades cubiertas, pudiendo hacer toda clase de actividades tur\u00edsticas y disfrutar con todo lo necesario, buenos restaurantes, zonas comerciales, zonas verdes y de paseo, como la maravillosa bah\u00eda de Alc\u00fadia, pudiendo pasear por las playas de Alc\u00fadia y Muro y respirar un poco de aire puro en una zona totalmente mediterr\u00e1nea.<\/p>\n<p>Se celebra un mercadillo en la calle con productos aut\u00f3ctonos de muy diversas clases todos los viernes, y puedes salir a diversas excursiones desde la localidad, como las que se realizan en barco a las cuevas de Sa Cova Tancada, y en las que te llevar\u00e1s un recuerdo espectacular. Una localidad con canales de mar, dise\u00f1ada en su momento para que se entremezclen los barcos y los coches, espectacular para darse un paseo nocturno y terminar mojando los pies en la playa.<\/p>\n<p><img decoding=\"async\" class=\"aligncenter size-full wp-image-3404\" src=\"https:\/\/www.fincasmallorcacharme.com\/blog\/wp-content\/uploads\/2022\/09\/palma-capital-mallorca.jpg\" alt=\"Palma de Mallorca city\" width=\"1000\" height=\"421\" srcset=\"https:\/\/www.fincasmallorcacharme.com\/blog\/wp-content\/uploads\/2022\/09\/palma-capital-mallorca.jpg 1000w, https:\/\/www.fincasmallorcacharme.com\/blog\/wp-content\/uploads\/2022\/09\/palma-capital-mallorca-300x126.jpg 300w, https:\/\/www.fincasmallorcacharme.com\/blog\/wp-content\/uploads\/2022\/09\/palma-capital-mallorca-768x323.jpg 768w\" sizes=\"(max-width: 1000px) 100vw, 1000px\" \/><\/p>\n<h3><span id=\"Dia_5_Cuevas_del_Drach_y_paseo_en_barco\">D\u00eda 5: Cuevas del Drach y paseo en barco<\/span><\/h3>\n<p>Una de las zonas m\u00e1s bonitas para grabar en la retina son las famosas Cuevas del Drach. Una visita obligada si quieres realmente conocer la riqueza de la isla. Son cuatro grandes cuevas que se encuentran en el municipio de Manacor, y se llaman Cueva de los Franceses, Cueva de Lu\u00eds Salvador, Cueva Negra y Cueva Blanca. Hay un gran lago en una de ellas, y podr\u00e1s visitarla en barco, disfrutando de un concierto de m\u00fasica cl\u00e1sica en su interior, el cual se celebra desde comienzos del siglo XX. Todo un espect\u00e1culo de luces y sombras con la iluminaci\u00f3n especial de estalactitas y estalagmitas que le dan un aura incre\u00edble e inigualable.<\/p>\n<p><img loading=\"lazy\" decoding=\"async\" class=\"aligncenter size-full wp-image-3401\" src=\"https:\/\/www.fincasmallorcacharme.com\/blog\/wp-content\/uploads\/2022\/09\/cuevas-drach.jpg\" alt=\"Cuevas Drach\" width=\"1000\" height=\"666\" srcset=\"https:\/\/www.fincasmallorcacharme.com\/blog\/wp-content\/uploads\/2022\/09\/cuevas-drach.jpg 1000w, https:\/\/www.fincasmallorcacharme.com\/blog\/wp-content\/uploads\/2022\/09\/cuevas-drach-300x200.jpg 300w, https:\/\/www.fincasmallorcacharme.com\/blog\/wp-content\/uploads\/2022\/09\/cuevas-drach-768x511.jpg 768w\" sizes=\"(max-width: 1000px) 100vw, 1000px\" \/><\/p>\n<h3><span id=\"Dia_6_Rutas_por_Mallorca\">D\u00eda 6: Rutas por Mallorca<\/span><\/h3>\n<p>Si realmente tuvi\u00e9ramos que nombrar todos los tours, excursiones y actividades disponibles para hacer en Mallorca, no nos llegar\u00eda una publicaci\u00f3n sola del blog para abarcarlas todas. Desde tours gratuitos por la ciudad de Palma, pasando por todo tipo de excursiones en barco, catamar\u00e1n o lancha a zonas m\u00e1s exclusivas y apartadas, as\u00ed como a diferentes cuevas, actividades mar\u00edtimas deportivas y de ocio, tours con quads, bicicletas y otros medios de transporte, hasta tours completos alrededor de toda la isla, pudiendo abarcar la mayor cantidad de lugares posible en el menor tiempo, y utilizar los d\u00edas para otras actividades muy interesantes.<\/p>\n<p><img loading=\"lazy\" decoding=\"async\" class=\"aligncenter size-full wp-image-3407\" src=\"https:\/\/www.fincasmallorcacharme.com\/blog\/wp-content\/uploads\/2022\/09\/rutas-mallorca.jpg\" alt=\"Routes Majorca\" width=\"1000\" height=\"666\" srcset=\"https:\/\/www.fincasmallorcacharme.com\/blog\/wp-content\/uploads\/2022\/09\/rutas-mallorca.jpg 1000w, https:\/\/www.fincasmallorcacharme.com\/blog\/wp-content\/uploads\/2022\/09\/rutas-mallorca-300x200.jpg 300w, https:\/\/www.fincasmallorcacharme.com\/blog\/wp-content\/uploads\/2022\/09\/rutas-mallorca-768x511.jpg 768w\" sizes=\"(max-width: 1000px) 100vw, 1000px\" \/><\/p>\n<h3><span id=\"Dia_7_Disfruta_de_un_alojamiento_excepcional_en_buena_compania\">D\u00eda 7: Disfruta de un alojamiento excepcional en buena compa\u00f1\u00eda<\/span><\/h3>\n<p>Lo cual nos lleva a disfrutar de otro de los placeres de la isla, los maravillosos alojamientos de los que dispone, en los que disfrutar\u00e1s en compa\u00f1\u00eda de uno de los d\u00edas m\u00e1s relajantes de todas tus vacaciones. Alojamientos con piscina privada y toda clase de comodidades a\u00f1adidas, as\u00ed como servicios de todo tipo, como chef privado, por ejemplo, pudiendo relajaros en algunas de las estancias m\u00e1s espectaculares y con las mejores vistas de todo el Mar Mediterr\u00e1neo.<\/p>\n<p><img loading=\"lazy\" decoding=\"async\" class=\"aligncenter size-full wp-image-3389\" src=\"https:\/\/www.fincasmallorcacharme.com\/blog\/wp-content\/uploads\/2022\/09\/alojamiento-mallorca-01.jpg\" alt=\"Majorca villa\" width=\"1000\" height=\"662\" srcset=\"https:\/\/www.fincasmallorcacharme.com\/blog\/wp-content\/uploads\/2022\/09\/alojamiento-mallorca-01.jpg 1000w, https:\/\/www.fincasmallorcacharme.com\/blog\/wp-content\/uploads\/2022\/09\/alojamiento-mallorca-01-300x199.jpg 300w, https:\/\/www.fincasmallorcacharme.com\/blog\/wp-content\/uploads\/2022\/09\/alojamiento-mallorca-01-768x508.jpg 768w\" sizes=\"(max-width: 1000px) 100vw, 1000px\" \/><\/p>\n<h2><span id=\"Las_mejores_villas_para_alojarte_en_Mallorca_esa_semana\">Las mejores villas para alojarte en Mallorca esa semana<\/span><\/h2>\n<p>Para ello, os proponemos algunas de nuestras mejores opciones para alojarte de una forma c\u00f3moda y espaciosa, en un ambiente ideal y con el mejor clima, para disfrutar en familia o con amigos de una estancia perfecta. Piscinas privadas, jardines, e incluso zonas dedicadas al ocio, totalmente incluidas en el alojamiento ideal en Mallorca. Villas como <a href=\"https:\/\/www.fincasmallorcacharme.com\/alquiler\/casa-capdepera-yourhouse-son-jaumell-343480.html\">Son Jaumell<\/a>, <a href=\"https:\/\/www.fincasmallorcacharme.com\/alquiler\/villa-alcudia-can-emmes-villa-alcudia-245-315227.html\">Can Emmes<\/a>, <a href=\"https:\/\/www.fincasmallorcacharme.com\/alquiler\/villa-santa-margalida-es-mal-pas-villa-santa-margalida-256-389042.html\">Es Mal Pas<\/a> o <a href=\"https:\/\/www.fincasmallorcacharme.com\/alquiler\/finca-muro-can-gamundi-villa-can-picafort-052-219268.html\">Can Gamund\u00ed<\/a>, por poner 4 ejemplos entre las casi 500 <a href=\"https:\/\/www.fincasmallorcacharme.com\/\">villas en Mallorca<\/a> que tenemos disponibles en nuestro portafolio, equipadas con jard\u00edn, piscina privada y especialmente dise\u00f1adas para disfrutar de uno de los m\u00e1s relajantes d\u00edas de tu estancia, te esperan en nuestra web. Para m\u00e1s informaci\u00f3n, no dudes en contactar a nuestro experimentado equipo, el cual te ayudar\u00e1 a elegir la opci\u00f3n que m\u00e1s se adapte a vuestras necesidades.<\/p>\n<p><img loading=\"lazy\" decoding=\"async\" class=\"aligncenter size-full wp-image-3392\" src=\"https:\/\/www.fincasmallorcacharme.com\/blog\/wp-content\/uploads\/2022\/09\/alojamiento-mallorca-02.jpg\" alt=\"Majorca Accommodation\" width=\"1000\" height=\"662\" srcset=\"https:\/\/www.fincasmallorcacharme.com\/blog\/wp-content\/uploads\/2022\/09\/alojamiento-mallorca-02.jpg 1000w, https:\/\/www.fincasmallorcacharme.com\/blog\/wp-content\/uploads\/2022\/09\/alojamiento-mallorca-02-300x199.jpg 300w, https:\/\/www.fincasmallorcacharme.com\/blog\/wp-content\/uploads\/2022\/09\/alojamiento-mallorca-02-768x508.jpg 768w\" sizes=\"(max-width: 1000px) 100vw, 1000px\" \/><\/p>\n","protected":false},"excerpt":{"rendered":"<p>De costa a costa existen actividades para hacer y disfrutar de la isla, tanto en barco, en coche, moto, bicicleta o andando, que har\u00e1n las delicias para toda la familia y\/o amigos.<\/p>\n","protected":false},"author":2,"featured_media":3398,"comment_status":"open","ping_status":"closed","sticky":false,"template":"","format":"standard","meta":{"ngg_post_thumbnail":0,"footnotes":""},"categories":[82],"tags":[],"class_list":["post-3385","post","type-post","status-publish","format-standard","has-post-thumbnail","hentry","category-mallorca"],"yoast_head":"<!-- This site is optimized with the Yoast SEO plugin v26.2 - https:\/\/yoast.com\/wordpress\/plugins\/seo\/ -->\n<title>Qu\u00e9 ver en Mallorca en 7 d\u00edas - Mallorca Charme<\/title>\n<meta name=\"description\" content=\"De costa a costa existen actividades para hacer y disfrutar de la isla, tanto en barco, en coche, moto, bicicleta o andando, que har\u00e1n las delicias para toda la familia y\/o amigos.\" \/>\n<meta name=\"robots\" content=\"index, follow, max-snippet:-1, max-image-preview:large, max-video-preview:-1\" \/>\n<link rel=\"canonical\" href=\"https:\/\/www.fincasmallorcacharme.com\/blog\/que-ver-mallorca-7-dias\/\" \/>\n<meta property=\"og:locale\" content=\"es_ES\" \/>\n<meta property=\"og:type\" content=\"article\" \/>\n<meta property=\"og:title\" content=\"Qu\u00e9 ver en Mallorca en 7 d\u00edas - Mallorca Charme\" \/>\n<meta property=\"og:description\" content=\"De costa a costa existen actividades para hacer y disfrutar de la isla, tanto en barco, en coche, moto, bicicleta o andando, que har\u00e1n las delicias para toda la familia y\/o amigos.\" \/>\n<meta property=\"og:url\" content=\"https:\/\/www.fincasmallorcacharme.com\/blog\/que-ver-mallorca-7-dias\/\" \/>\n<meta property=\"og:site_name\" content=\"Blog Mallorca Charme\" \/>\n<meta property=\"article:published_time\" content=\"2022-09-02T16:50:58+00:00\" \/>\n<meta property=\"og:image\" content=\"https:\/\/www.fincasmallorcacharme.com\/blog\/wp-content\/uploads\/2022\/09\/calo-des-moro.jpg\" \/>\n\t<meta property=\"og:image:width\" content=\"1000\" \/>\n\t<meta property=\"og:image:height\" content=\"664\" \/>\n\t<meta property=\"og:image:type\" content=\"image\/jpeg\" \/>\n<meta name=\"author\" content=\"mallorcacharme\" \/>\n<meta name=\"twitter:card\" content=\"summary_large_image\" \/>\n<meta name=\"twitter:label1\" content=\"Escrito por\" \/>\n\t<meta name=\"twitter:data1\" content=\"mallorcacharme\" \/>\n\t<meta name=\"twitter:label2\" content=\"Tiempo de lectura\" \/>\n\t<meta name=\"twitter:data2\" content=\"8 minutos\" \/>\n<script type=\"application\/ld+json\" class=\"yoast-schema-graph\">{\"@context\":\"https:\/\/schema.org\",\"@graph\":[{\"@type\":\"Article\",\"@id\":\"https:\/\/www.fincasmallorcacharme.com\/blog\/que-ver-mallorca-7-dias\/#article\",\"isPartOf\":{\"@id\":\"https:\/\/www.fincasmallorcacharme.com\/blog\/que-ver-mallorca-7-dias\/\"},\"author\":{\"name\":\"mallorcacharme\",\"@id\":\"https:\/\/www.fincasmallorcacharme.com\/blog\/en\/#\/schema\/person\/335f2ad1ce51d3ab88517478d04fb7d7\"},\"headline\":\"Qu\u00e9 ver en Mallorca en 7 d\u00edas\",\"datePublished\":\"2022-09-02T16:50:58+00:00\",\"mainEntityOfPage\":{\"@id\":\"https:\/\/www.fincasmallorcacharme.com\/blog\/que-ver-mallorca-7-dias\/\"},\"wordCount\":1407,\"commentCount\":0,\"publisher\":{\"@id\":\"https:\/\/www.fincasmallorcacharme.com\/blog\/en\/#organization\"},\"image\":{\"@id\":\"https:\/\/www.fincasmallorcacharme.com\/blog\/que-ver-mallorca-7-dias\/#primaryimage\"},\"thumbnailUrl\":\"https:\/\/www.fincasmallorcacharme.com\/blog\/wp-content\/uploads\/2022\/09\/calo-des-moro.jpg\",\"articleSection\":[\"Mallorca\"],\"inLanguage\":\"es\",\"potentialAction\":[{\"@type\":\"CommentAction\",\"name\":\"Comment\",\"target\":[\"https:\/\/www.fincasmallorcacharme.com\/blog\/que-ver-mallorca-7-dias\/#respond\"]}]},{\"@type\":\"WebPage\",\"@id\":\"https:\/\/www.fincasmallorcacharme.com\/blog\/que-ver-mallorca-7-dias\/\",\"url\":\"https:\/\/www.fincasmallorcacharme.com\/blog\/que-ver-mallorca-7-dias\/\",\"name\":\"Qu\u00e9 ver en Mallorca en 7 d\u00edas - Mallorca Charme\",\"isPartOf\":{\"@id\":\"https:\/\/www.fincasmallorcacharme.com\/blog\/en\/#website\"},\"primaryImageOfPage\":{\"@id\":\"https:\/\/www.fincasmallorcacharme.com\/blog\/que-ver-mallorca-7-dias\/#primaryimage\"},\"image\":{\"@id\":\"https:\/\/www.fincasmallorcacharme.com\/blog\/que-ver-mallorca-7-dias\/#primaryimage\"},\"thumbnailUrl\":\"https:\/\/www.fincasmallorcacharme.com\/blog\/wp-content\/uploads\/2022\/09\/calo-des-moro.jpg\",\"datePublished\":\"2022-09-02T16:50:58+00:00\",\"description\":\"De costa a costa existen actividades para hacer y disfrutar de la isla, tanto en barco, en coche, moto, bicicleta o andando, que har\u00e1n las delicias para toda la familia y\/o amigos.\",\"inLanguage\":\"es\",\"potentialAction\":[{\"@type\":\"ReadAction\",\"target\":[\"https:\/\/www.fincasmallorcacharme.com\/blog\/que-ver-mallorca-7-dias\/\"]}]},{\"@type\":\"ImageObject\",\"inLanguage\":\"es\",\"@id\":\"https:\/\/www.fincasmallorcacharme.com\/blog\/que-ver-mallorca-7-dias\/#primaryimage\",\"url\":\"https:\/\/www.fincasmallorcacharme.com\/blog\/wp-content\/uploads\/2022\/09\/calo-des-moro.jpg\",\"contentUrl\":\"https:\/\/www.fincasmallorcacharme.com\/blog\/wp-content\/uploads\/2022\/09\/calo-des-moro.jpg\",\"width\":1000,\"height\":664,\"caption\":\"Calo des Moro\"},{\"@type\":\"WebSite\",\"@id\":\"https:\/\/www.fincasmallorcacharme.com\/blog\/en\/#website\",\"url\":\"https:\/\/www.fincasmallorcacharme.com\/blog\/en\/\",\"name\":\"Blog Mallorca Charme\",\"description\":\"Fincasmallorcacharme Blog\",\"publisher\":{\"@id\":\"https:\/\/www.fincasmallorcacharme.com\/blog\/en\/#organization\"},\"potentialAction\":[{\"@type\":\"SearchAction\",\"target\":{\"@type\":\"EntryPoint\",\"urlTemplate\":\"https:\/\/www.fincasmallorcacharme.com\/blog\/en\/?s={search_term_string}\"},\"query-input\":{\"@type\":\"PropertyValueSpecification\",\"valueRequired\":true,\"valueName\":\"search_term_string\"}}],\"inLanguage\":\"es\"},{\"@type\":\"Organization\",\"@id\":\"https:\/\/www.fincasmallorcacharme.com\/blog\/en\/#organization\",\"name\":\"Blog Mallorca Charme\",\"url\":\"https:\/\/www.fincasmallorcacharme.com\/blog\/en\/\",\"logo\":{\"@type\":\"ImageObject\",\"inLanguage\":\"es\",\"@id\":\"https:\/\/www.fincasmallorcacharme.com\/blog\/en\/#\/schema\/logo\/image\/\",\"url\":\"https:\/\/www.fincasmallorcacharme.com\/blog\/wp-content\/uploads\/2020\/02\/cropped-headerrrrr-1.png\",\"contentUrl\":\"https:\/\/www.fincasmallorcacharme.com\/blog\/wp-content\/uploads\/2020\/02\/cropped-headerrrrr-1.png\",\"width\":1250,\"height\":250,\"caption\":\"Blog Mallorca Charme\"},\"image\":{\"@id\":\"https:\/\/www.fincasmallorcacharme.com\/blog\/en\/#\/schema\/logo\/image\/\"}},{\"@type\":\"Person\",\"@id\":\"https:\/\/www.fincasmallorcacharme.com\/blog\/en\/#\/schema\/person\/335f2ad1ce51d3ab88517478d04fb7d7\",\"name\":\"mallorcacharme\",\"url\":\"https:\/\/www.fincasmallorcacharme.com\/blog\/author\/mallorcacharme\/\"}]}<\/script>\n<!-- \/ Yoast SEO plugin. -->","yoast_head_json":{"title":"Qu\u00e9 ver en Mallorca en 7 d\u00edas - Mallorca Charme","description":"De costa a costa existen actividades para hacer y disfrutar de la isla, tanto en barco, en coche, moto, bicicleta o andando, que har\u00e1n las delicias para toda la familia y\/o amigos.","robots":{"index":"index","follow":"follow","max-snippet":"max-snippet:-1","max-image-preview":"max-image-preview:large","max-video-preview":"max-video-preview:-1"},"canonical":"https:\/\/www.fincasmallorcacharme.com\/blog\/que-ver-mallorca-7-dias\/","og_locale":"es_ES","og_type":"article","og_title":"Qu\u00e9 ver en Mallorca en 7 d\u00edas - Mallorca Charme","og_description":"De costa a costa existen actividades para hacer y disfrutar de la isla, tanto en barco, en coche, moto, bicicleta o andando, que har\u00e1n las delicias para toda la familia y\/o amigos.","og_url":"https:\/\/www.fincasmallorcacharme.com\/blog\/que-ver-mallorca-7-dias\/","og_site_name":"Blog Mallorca Charme","article_published_time":"2022-09-02T16:50:58+00:00","og_image":[{"width":1000,"height":664,"url":"https:\/\/www.fincasmallorcacharme.com\/blog\/wp-content\/uploads\/2022\/09\/calo-des-moro.jpg","type":"image\/jpeg"}],"author":"mallorcacharme","twitter_card":"summary_large_image","twitter_misc":{"Escrito por":"mallorcacharme","Tiempo de lectura":"8 minutos"},"schema":{"@context":"https:\/\/schema.org","@graph":[{"@type":"Article","@id":"https:\/\/www.fincasmallorcacharme.com\/blog\/que-ver-mallorca-7-dias\/#article","isPartOf":{"@id":"https:\/\/www.fincasmallorcacharme.com\/blog\/que-ver-mallorca-7-dias\/"},"author":{"name":"mallorcacharme","@id":"https:\/\/www.fincasmallorcacharme.com\/blog\/en\/#\/schema\/person\/335f2ad1ce51d3ab88517478d04fb7d7"},"headline":"Qu\u00e9 ver en Mallorca en 7 d\u00edas","datePublished":"2022-09-02T16:50:58+00:00","mainEntityOfPage":{"@id":"https:\/\/www.fincasmallorcacharme.com\/blog\/que-ver-mallorca-7-dias\/"},"wordCount":1407,"commentCount":0,"publisher":{"@id":"https:\/\/www.fincasmallorcacharme.com\/blog\/en\/#organization"},"image":{"@id":"https:\/\/www.fincasmallorcacharme.com\/blog\/que-ver-mallorca-7-dias\/#primaryimage"},"thumbnailUrl":"https:\/\/www.fincasmallorcacharme.com\/blog\/wp-content\/uploads\/2022\/09\/calo-des-moro.jpg","articleSection":["Mallorca"],"inLanguage":"es","potentialAction":[{"@type":"CommentAction","name":"Comment","target":["https:\/\/www.fincasmallorcacharme.com\/blog\/que-ver-mallorca-7-dias\/#respond"]}]},{"@type":"WebPage","@id":"https:\/\/www.fincasmallorcacharme.com\/blog\/que-ver-mallorca-7-dias\/","url":"https:\/\/www.fincasmallorcacharme.com\/blog\/que-ver-mallorca-7-dias\/","name":"Qu\u00e9 ver en Mallorca en 7 d\u00edas - Mallorca Charme","isPartOf":{"@id":"https:\/\/www.fincasmallorcacharme.com\/blog\/en\/#website"},"primaryImageOfPage":{"@id":"https:\/\/www.fincasmallorcacharme.com\/blog\/que-ver-mallorca-7-dias\/#primaryimage"},"image":{"@id":"https:\/\/www.fincasmallorcacharme.com\/blog\/que-ver-mallorca-7-dias\/#primaryimage"},"thumbnailUrl":"https:\/\/www.fincasmallorcacharme.com\/blog\/wp-content\/uploads\/2022\/09\/calo-des-moro.jpg","datePublished":"2022-09-02T16:50:58+00:00","description":"De costa a costa existen actividades para hacer y disfrutar de la isla, tanto en barco, en coche, moto, bicicleta o andando, que har\u00e1n las delicias para toda la familia y\/o amigos.","inLanguage":"es","potentialAction":[{"@type":"ReadAction","target":["https:\/\/www.fincasmallorcacharme.com\/blog\/que-ver-mallorca-7-dias\/"]}]},{"@type":"ImageObject","inLanguage":"es","@id":"https:\/\/www.fincasmallorcacharme.com\/blog\/que-ver-mallorca-7-dias\/#primaryimage","url":"https:\/\/www.fincasmallorcacharme.com\/blog\/wp-content\/uploads\/2022\/09\/calo-des-moro.jpg","contentUrl":"https:\/\/www.fincasmallorcacharme.com\/blog\/wp-content\/uploads\/2022\/09\/calo-des-moro.jpg","width":1000,"height":664,"caption":"Calo des Moro"},{"@type":"WebSite","@id":"https:\/\/www.fincasmallorcacharme.com\/blog\/en\/#website","url":"https:\/\/www.fincasmallorcacharme.com\/blog\/en\/","name":"Blog Mallorca Charme","description":"Fincasmallorcacharme Blog","publisher":{"@id":"https:\/\/www.fincasmallorcacharme.com\/blog\/en\/#organization"},"potentialAction":[{"@type":"SearchAction","target":{"@type":"EntryPoint","urlTemplate":"https:\/\/www.fincasmallorcacharme.com\/blog\/en\/?s={search_term_string}"},"query-input":{"@type":"PropertyValueSpecification","valueRequired":true,"valueName":"search_term_string"}}],"inLanguage":"es"},{"@type":"Organization","@id":"https:\/\/www.fincasmallorcacharme.com\/blog\/en\/#organization","name":"Blog Mallorca Charme","url":"https:\/\/www.fincasmallorcacharme.com\/blog\/en\/","logo":{"@type":"ImageObject","inLanguage":"es","@id":"https:\/\/www.fincasmallorcacharme.com\/blog\/en\/#\/schema\/logo\/image\/","url":"https:\/\/www.fincasmallorcacharme.com\/blog\/wp-content\/uploads\/2020\/02\/cropped-headerrrrr-1.png","contentUrl":"https:\/\/www.fincasmallorcacharme.com\/blog\/wp-content\/uploads\/2020\/02\/cropped-headerrrrr-1.png","width":1250,"height":250,"caption":"Blog Mallorca Charme"},"image":{"@id":"https:\/\/www.fincasmallorcacharme.com\/blog\/en\/#\/schema\/logo\/image\/"}},{"@type":"Person","@id":"https:\/\/www.fincasmallorcacharme.com\/blog\/en\/#\/schema\/person\/335f2ad1ce51d3ab88517478d04fb7d7","name":"mallorcacharme","url":"https:\/\/www.fincasmallorcacharme.com\/blog\/author\/mallorcacharme\/"}]}},"amp_enabled":true,"_links":{"self":[{"href":"https:\/\/www.fincasmallorcacharme.com\/blog\/wp-json\/wp\/v2\/posts\/3385","targetHints":{"allow":["GET"]}}],"collection":[{"href":"https:\/\/www.fincasmallorcacharme.com\/blog\/wp-json\/wp\/v2\/posts"}],"about":[{"href":"https:\/\/www.fincasmallorcacharme.com\/blog\/wp-json\/wp\/v2\/types\/post"}],"author":[{"embeddable":true,"href":"https:\/\/www.fincasmallorcacharme.com\/blog\/wp-json\/wp\/v2\/users\/2"}],"replies":[{"embeddable":true,"href":"https:\/\/www.fincasmallorcacharme.com\/blog\/wp-json\/wp\/v2\/comments?post=3385"}],"version-history":[{"count":1,"href":"https:\/\/www.fincasmallorcacharme.com\/blog\/wp-json\/wp\/v2\/posts\/3385\/revisions"}],"predecessor-version":[{"id":3410,"href":"https:\/\/www.fincasmallorcacharme.com\/blog\/wp-json\/wp\/v2\/posts\/3385\/revisions\/3410"}],"wp:featuredmedia":[{"embeddable":true,"href":"https:\/\/www.fincasmallorcacharme.com\/blog\/wp-json\/wp\/v2\/media\/3398"}],"wp:attachment":[{"href":"https:\/\/www.fincasmallorcacharme.com\/blog\/wp-json\/wp\/v2\/media?parent=3385"}],"wp:term":[{"taxonomy":"category","embeddable":true,"href":"https:\/\/www.fincasmallorcacharme.com\/blog\/wp-json\/wp\/v2\/categories?post=3385"},{"taxonomy":"post_tag","embeddable":true,"href":"https:\/\/www.fincasmallorcacharme.com\/blog\/wp-json\/wp\/v2\/tags?post=3385"}],"curies":[{"name":"wp","href":"https:\/\/api.w.org\/{rel}","templated":true}]}}