{"id":2837,"date":"2021-07-05T10:39:47","date_gmt":"2021-07-05T10:39:47","guid":{"rendered":"https:\/\/www.fincasmallorcacharme.com\/blog\/?p=2837"},"modified":"2021-07-14T11:58:37","modified_gmt":"2021-07-14T11:58:37","slug":"migjorn-2","status":"publish","type":"post","link":"https:\/\/www.fincasmallorcacharme.com\/blog\/migjorn-2\/","title":{"rendered":"Migjorn"},"content":{"rendered":"<h1 class=\"text-primary\">Migjorn<\/h1>\n<p>Migjorn es una zona de paisaje (catal\u00e1n: Comarca) en la isla espa\u00f1ola de Mallorca. Es b\u00e1sicamente la continuaci\u00f3n sur de la llanura del Pl\u00e0 de Mallorca. A pesar del car\u00e1cter m\u00e1s bien llano de la regi\u00f3n, el paisaje m\u00e1s meridional de Mallorca tiene una elevaci\u00f3n superior a los 500 metros sobre el nivel del mar. En el Puig Sant Salvador, de 509 metros de altura, en el municipio de Felanitx, se encuentra el Santuari de Sant Salvador. La monta\u00f1a es la mayor elevaci\u00f3n de la zona sur de las Serres de Llevant.<\/p>\n<p>Con la ciudad Campos Migjorn cuenta con un centro de car\u00e1cter m\u00e1s bien rural. La agricultura sigue desempe\u00f1ando un papel importante. Una caracter\u00edstica especial son los arbustos de alcaparras que se cultivan alrededor del pueblo. Un contraste con esto es el pueblo de Col\u00f2nia de Sant Jordi, el antiguo puerto de Campos. Adem\u00e1s de la playa de Es Trenc, de seis kil\u00f3metros de longitud, se construy\u00f3 aqu\u00ed un centro tur\u00edstico con m\u00e1s de 3.000 camas para turistas. Las ruinas de edificios en la parte norte de Es Trenc, en el asentamiento de ses Covetes, dan testimonio de la lucha contra la urbanizaci\u00f3n ilegal. Un tribunal orden\u00f3 la demolici\u00f3n de las casas a medio terminar construidas aqu\u00ed junto a la playa sin permiso.<\/p>\n<p>Visitar el sitio web<\/p>\n<div class=\"views-field views-field-nothing\">\n<div class=\"container-fluid\">\n<div class=\"row-fluid\">\n<div class=\"row well\">\n<div class=\"\">&nbsp;<\/div>\n<\/div>\n<\/div>\n<\/div>\n<\/div>\n<div class=\"views-field views-field-edit-node\">&nbsp;<\/div>\n<div class=\"views-field views-field-php\">&nbsp;<\/div>\n","protected":false},"excerpt":{"rendered":"<p>Migjorn Migjorn es una zona de paisaje (catal\u00e1n: Comarca) en la isla espa\u00f1ola de Mallorca. Es b\u00e1sicamente la continuaci\u00f3n sur de la llanura del Pl\u00e0 de Mallorca. A pesar del car\u00e1cter m\u00e1s bien llano de la regi\u00f3n, el paisaje m\u00e1s meridional de Mallorca tiene una elevaci\u00f3n superior a los 500 metros sobre el nivel del&#8230;<\/p>\n","protected":false},"author":2,"featured_media":226,"comment_status":"open","ping_status":"closed","sticky":false,"template":"","format":"standard","meta":{"ngg_post_thumbnail":0,"footnotes":""},"categories":[1],"tags":[],"class_list":["post-2837","post","type-post","status-publish","format-standard","has-post-thumbnail","hentry","category-sin-categorizar"],"yoast_head":"<!-- This site is optimized with the Yoast SEO plugin v26.2 - https:\/\/yoast.com\/wordpress\/plugins\/seo\/ -->\n<title>Migjorn - Blog Mallorca Charme<\/title>\n<meta name=\"robots\" content=\"noindex, follow\" \/>\n<meta property=\"og:locale\" content=\"es_ES\" \/>\n<meta property=\"og:type\" content=\"article\" \/>\n<meta property=\"og:title\" content=\"Migjorn - Blog Mallorca Charme\" \/>\n<meta property=\"og:description\" content=\"Migjorn Migjorn es una zona de paisaje (catal\u00e1n: Comarca) en la isla espa\u00f1ola de Mallorca. Es b\u00e1sicamente la continuaci\u00f3n sur de la llanura del Pl\u00e0 de Mallorca. A pesar del car\u00e1cter m\u00e1s bien llano de la regi\u00f3n, el paisaje m\u00e1s meridional de Mallorca tiene una elevaci\u00f3n superior a los 500 metros sobre el nivel del...\" \/>\n<meta property=\"og:url\" content=\"https:\/\/www.fincasmallorcacharme.com\/blog\/migjorn-2\/\" \/>\n<meta property=\"og:site_name\" content=\"Blog Mallorca Charme\" \/>\n<meta property=\"article:published_time\" content=\"2021-07-05T10:39:47+00:00\" \/>\n<meta property=\"article:modified_time\" content=\"2021-07-14T11:58:37+00:00\" \/>\n<meta property=\"og:image\" content=\"https:\/\/www.fincasmallorcacharme.com\/blog\/wp-content\/uploads\/2017\/12\/shoe.jpg\" \/>\n\t<meta property=\"og:image:width\" content=\"480\" \/>\n\t<meta property=\"og:image:height\" content=\"320\" \/>\n\t<meta property=\"og:image:type\" content=\"image\/jpeg\" \/>\n<meta name=\"author\" content=\"mallorcacharme\" \/>\n<meta name=\"twitter:card\" content=\"summary_large_image\" \/>\n<meta name=\"twitter:label1\" content=\"Escrito por\" \/>\n\t<meta name=\"twitter:data1\" content=\"mallorcacharme\" \/>\n\t<meta name=\"twitter:label2\" content=\"Tiempo de lectura\" \/>\n\t<meta name=\"twitter:data2\" content=\"1 minuto\" \/>\n<script type=\"application\/ld+json\" class=\"yoast-schema-graph\">{\"@context\":\"https:\/\/schema.org\",\"@graph\":[{\"@type\":\"Article\",\"@id\":\"https:\/\/www.fincasmallorcacharme.com\/blog\/migjorn-2\/#article\",\"isPartOf\":{\"@id\":\"https:\/\/www.fincasmallorcacharme.com\/blog\/migjorn-2\/\"},\"author\":{\"name\":\"mallorcacharme\",\"@id\":\"https:\/\/www.fincasmallorcacharme.com\/blog\/en\/#\/schema\/person\/335f2ad1ce51d3ab88517478d04fb7d7\"},\"headline\":\"Migjorn\",\"datePublished\":\"2021-07-05T10:39:47+00:00\",\"dateModified\":\"2021-07-14T11:58:37+00:00\",\"mainEntityOfPage\":{\"@id\":\"https:\/\/www.fincasmallorcacharme.com\/blog\/migjorn-2\/\"},\"wordCount\":242,\"commentCount\":0,\"publisher\":{\"@id\":\"https:\/\/www.fincasmallorcacharme.com\/blog\/en\/#organization\"},\"image\":{\"@id\":\"https:\/\/www.fincasmallorcacharme.com\/blog\/migjorn-2\/#primaryimage\"},\"thumbnailUrl\":\"https:\/\/www.fincasmallorcacharme.com\/blog\/wp-content\/uploads\/2017\/12\/shoe.jpg\",\"articleSection\":[\"Sin categorizar\"],\"inLanguage\":\"es\",\"potentialAction\":[{\"@type\":\"CommentAction\",\"name\":\"Comment\",\"target\":[\"https:\/\/www.fincasmallorcacharme.com\/blog\/migjorn-2\/#respond\"]}]},{\"@type\":\"WebPage\",\"@id\":\"https:\/\/www.fincasmallorcacharme.com\/blog\/migjorn-2\/\",\"url\":\"https:\/\/www.fincasmallorcacharme.com\/blog\/migjorn-2\/\",\"name\":\"Migjorn - Blog Mallorca Charme\",\"isPartOf\":{\"@id\":\"https:\/\/www.fincasmallorcacharme.com\/blog\/en\/#website\"},\"primaryImageOfPage\":{\"@id\":\"https:\/\/www.fincasmallorcacharme.com\/blog\/migjorn-2\/#primaryimage\"},\"image\":{\"@id\":\"https:\/\/www.fincasmallorcacharme.com\/blog\/migjorn-2\/#primaryimage\"},\"thumbnailUrl\":\"https:\/\/www.fincasmallorcacharme.com\/blog\/wp-content\/uploads\/2017\/12\/shoe.jpg\",\"datePublished\":\"2021-07-05T10:39:47+00:00\",\"dateModified\":\"2021-07-14T11:58:37+00:00\",\"inLanguage\":\"es\",\"potentialAction\":[{\"@type\":\"ReadAction\",\"target\":[\"https:\/\/www.fincasmallorcacharme.com\/blog\/migjorn-2\/\"]}]},{\"@type\":\"ImageObject\",\"inLanguage\":\"es\",\"@id\":\"https:\/\/www.fincasmallorcacharme.com\/blog\/migjorn-2\/#primaryimage\",\"url\":\"https:\/\/www.fincasmallorcacharme.com\/blog\/wp-content\/uploads\/2017\/12\/shoe.jpg\",\"contentUrl\":\"https:\/\/www.fincasmallorcacharme.com\/blog\/wp-content\/uploads\/2017\/12\/shoe.jpg\",\"width\":480,\"height\":320},{\"@type\":\"WebSite\",\"@id\":\"https:\/\/www.fincasmallorcacharme.com\/blog\/en\/#website\",\"url\":\"https:\/\/www.fincasmallorcacharme.com\/blog\/en\/\",\"name\":\"Blog Mallorca Charme\",\"description\":\"Fincasmallorcacharme Blog\",\"publisher\":{\"@id\":\"https:\/\/www.fincasmallorcacharme.com\/blog\/en\/#organization\"},\"potentialAction\":[{\"@type\":\"SearchAction\",\"target\":{\"@type\":\"EntryPoint\",\"urlTemplate\":\"https:\/\/www.fincasmallorcacharme.com\/blog\/en\/?s={search_term_string}\"},\"query-input\":{\"@type\":\"PropertyValueSpecification\",\"valueRequired\":true,\"valueName\":\"search_term_string\"}}],\"inLanguage\":\"es\"},{\"@type\":\"Organization\",\"@id\":\"https:\/\/www.fincasmallorcacharme.com\/blog\/en\/#organization\",\"name\":\"Blog Mallorca Charme\",\"url\":\"https:\/\/www.fincasmallorcacharme.com\/blog\/en\/\",\"logo\":{\"@type\":\"ImageObject\",\"inLanguage\":\"es\",\"@id\":\"https:\/\/www.fincasmallorcacharme.com\/blog\/en\/#\/schema\/logo\/image\/\",\"url\":\"https:\/\/www.fincasmallorcacharme.com\/blog\/wp-content\/uploads\/2020\/02\/cropped-headerrrrr-1.png\",\"contentUrl\":\"https:\/\/www.fincasmallorcacharme.com\/blog\/wp-content\/uploads\/2020\/02\/cropped-headerrrrr-1.png\",\"width\":1250,\"height\":250,\"caption\":\"Blog Mallorca Charme\"},\"image\":{\"@id\":\"https:\/\/www.fincasmallorcacharme.com\/blog\/en\/#\/schema\/logo\/image\/\"}},{\"@type\":\"Person\",\"@id\":\"https:\/\/www.fincasmallorcacharme.com\/blog\/en\/#\/schema\/person\/335f2ad1ce51d3ab88517478d04fb7d7\",\"name\":\"mallorcacharme\",\"url\":\"https:\/\/www.fincasmallorcacharme.com\/blog\/author\/mallorcacharme\/\"}]}<\/script>\n<!-- \/ Yoast SEO plugin. -->","yoast_head_json":{"title":"Migjorn - Blog Mallorca Charme","robots":{"index":"noindex","follow":"follow"},"og_locale":"es_ES","og_type":"article","og_title":"Migjorn - Blog Mallorca Charme","og_description":"Migjorn Migjorn es una zona de paisaje (catal\u00e1n: Comarca) en la isla espa\u00f1ola de Mallorca. Es b\u00e1sicamente la continuaci\u00f3n sur de la llanura del Pl\u00e0 de Mallorca. A pesar del car\u00e1cter m\u00e1s bien llano de la regi\u00f3n, el paisaje m\u00e1s meridional de Mallorca tiene una elevaci\u00f3n superior a los 500 metros sobre el nivel del...","og_url":"https:\/\/www.fincasmallorcacharme.com\/blog\/migjorn-2\/","og_site_name":"Blog Mallorca Charme","article_published_time":"2021-07-05T10:39:47+00:00","article_modified_time":"2021-07-14T11:58:37+00:00","og_image":[{"width":480,"height":320,"url":"https:\/\/www.fincasmallorcacharme.com\/blog\/wp-content\/uploads\/2017\/12\/shoe.jpg","type":"image\/jpeg"}],"author":"mallorcacharme","twitter_card":"summary_large_image","twitter_misc":{"Escrito por":"mallorcacharme","Tiempo de lectura":"1 minuto"},"schema":{"@context":"https:\/\/schema.org","@graph":[{"@type":"Article","@id":"https:\/\/www.fincasmallorcacharme.com\/blog\/migjorn-2\/#article","isPartOf":{"@id":"https:\/\/www.fincasmallorcacharme.com\/blog\/migjorn-2\/"},"author":{"name":"mallorcacharme","@id":"https:\/\/www.fincasmallorcacharme.com\/blog\/en\/#\/schema\/person\/335f2ad1ce51d3ab88517478d04fb7d7"},"headline":"Migjorn","datePublished":"2021-07-05T10:39:47+00:00","dateModified":"2021-07-14T11:58:37+00:00","mainEntityOfPage":{"@id":"https:\/\/www.fincasmallorcacharme.com\/blog\/migjorn-2\/"},"wordCount":242,"commentCount":0,"publisher":{"@id":"https:\/\/www.fincasmallorcacharme.com\/blog\/en\/#organization"},"image":{"@id":"https:\/\/www.fincasmallorcacharme.com\/blog\/migjorn-2\/#primaryimage"},"thumbnailUrl":"https:\/\/www.fincasmallorcacharme.com\/blog\/wp-content\/uploads\/2017\/12\/shoe.jpg","articleSection":["Sin categorizar"],"inLanguage":"es","potentialAction":[{"@type":"CommentAction","name":"Comment","target":["https:\/\/www.fincasmallorcacharme.com\/blog\/migjorn-2\/#respond"]}]},{"@type":"WebPage","@id":"https:\/\/www.fincasmallorcacharme.com\/blog\/migjorn-2\/","url":"https:\/\/www.fincasmallorcacharme.com\/blog\/migjorn-2\/","name":"Migjorn - Blog Mallorca Charme","isPartOf":{"@id":"https:\/\/www.fincasmallorcacharme.com\/blog\/en\/#website"},"primaryImageOfPage":{"@id":"https:\/\/www.fincasmallorcacharme.com\/blog\/migjorn-2\/#primaryimage"},"image":{"@id":"https:\/\/www.fincasmallorcacharme.com\/blog\/migjorn-2\/#primaryimage"},"thumbnailUrl":"https:\/\/www.fincasmallorcacharme.com\/blog\/wp-content\/uploads\/2017\/12\/shoe.jpg","datePublished":"2021-07-05T10:39:47+00:00","dateModified":"2021-07-14T11:58:37+00:00","inLanguage":"es","potentialAction":[{"@type":"ReadAction","target":["https:\/\/www.fincasmallorcacharme.com\/blog\/migjorn-2\/"]}]},{"@type":"ImageObject","inLanguage":"es","@id":"https:\/\/www.fincasmallorcacharme.com\/blog\/migjorn-2\/#primaryimage","url":"https:\/\/www.fincasmallorcacharme.com\/blog\/wp-content\/uploads\/2017\/12\/shoe.jpg","contentUrl":"https:\/\/www.fincasmallorcacharme.com\/blog\/wp-content\/uploads\/2017\/12\/shoe.jpg","width":480,"height":320},{"@type":"WebSite","@id":"https:\/\/www.fincasmallorcacharme.com\/blog\/en\/#website","url":"https:\/\/www.fincasmallorcacharme.com\/blog\/en\/","name":"Blog Mallorca Charme","description":"Fincasmallorcacharme Blog","publisher":{"@id":"https:\/\/www.fincasmallorcacharme.com\/blog\/en\/#organization"},"potentialAction":[{"@type":"SearchAction","target":{"@type":"EntryPoint","urlTemplate":"https:\/\/www.fincasmallorcacharme.com\/blog\/en\/?s={search_term_string}"},"query-input":{"@type":"PropertyValueSpecification","valueRequired":true,"valueName":"search_term_string"}}],"inLanguage":"es"},{"@type":"Organization","@id":"https:\/\/www.fincasmallorcacharme.com\/blog\/en\/#organization","name":"Blog Mallorca Charme","url":"https:\/\/www.fincasmallorcacharme.com\/blog\/en\/","logo":{"@type":"ImageObject","inLanguage":"es","@id":"https:\/\/www.fincasmallorcacharme.com\/blog\/en\/#\/schema\/logo\/image\/","url":"https:\/\/www.fincasmallorcacharme.com\/blog\/wp-content\/uploads\/2020\/02\/cropped-headerrrrr-1.png","contentUrl":"https:\/\/www.fincasmallorcacharme.com\/blog\/wp-content\/uploads\/2020\/02\/cropped-headerrrrr-1.png","width":1250,"height":250,"caption":"Blog Mallorca Charme"},"image":{"@id":"https:\/\/www.fincasmallorcacharme.com\/blog\/en\/#\/schema\/logo\/image\/"}},{"@type":"Person","@id":"https:\/\/www.fincasmallorcacharme.com\/blog\/en\/#\/schema\/person\/335f2ad1ce51d3ab88517478d04fb7d7","name":"mallorcacharme","url":"https:\/\/www.fincasmallorcacharme.com\/blog\/author\/mallorcacharme\/"}]}},"amp_enabled":true,"_links":{"self":[{"href":"https:\/\/www.fincasmallorcacharme.com\/blog\/wp-json\/wp\/v2\/posts\/2837","targetHints":{"allow":["GET"]}}],"collection":[{"href":"https:\/\/www.fincasmallorcacharme.com\/blog\/wp-json\/wp\/v2\/posts"}],"about":[{"href":"https:\/\/www.fincasmallorcacharme.com\/blog\/wp-json\/wp\/v2\/types\/post"}],"author":[{"embeddable":true,"href":"https:\/\/www.fincasmallorcacharme.com\/blog\/wp-json\/wp\/v2\/users\/2"}],"replies":[{"embeddable":true,"href":"https:\/\/www.fincasmallorcacharme.com\/blog\/wp-json\/wp\/v2\/comments?post=2837"}],"version-history":[{"count":1,"href":"https:\/\/www.fincasmallorcacharme.com\/blog\/wp-json\/wp\/v2\/posts\/2837\/revisions"}],"predecessor-version":[{"id":2859,"href":"https:\/\/www.fincasmallorcacharme.com\/blog\/wp-json\/wp\/v2\/posts\/2837\/revisions\/2859"}],"wp:featuredmedia":[{"embeddable":true,"href":"https:\/\/www.fincasmallorcacharme.com\/blog\/wp-json\/wp\/v2\/media\/226"}],"wp:attachment":[{"href":"https:\/\/www.fincasmallorcacharme.com\/blog\/wp-json\/wp\/v2\/media?parent=2837"}],"wp:term":[{"taxonomy":"category","embeddable":true,"href":"https:\/\/www.fincasmallorcacharme.com\/blog\/wp-json\/wp\/v2\/categories?post=2837"},{"taxonomy":"post_tag","embeddable":true,"href":"https:\/\/www.fincasmallorcacharme.com\/blog\/wp-json\/wp\/v2\/tags?post=2837"}],"curies":[{"name":"wp","href":"https:\/\/api.w.org\/{rel}","templated":true}]}}