{"id":2836,"date":"2021-07-05T10:39:00","date_gmt":"2021-07-05T10:39:00","guid":{"rendered":"https:\/\/www.fincasmallorcacharme.com\/blog\/?p=2836"},"modified":"2021-07-14T11:59:14","modified_gmt":"2021-07-14T11:59:14","slug":"palma-de-mallorca","status":"publish","type":"post","link":"https:\/\/www.fincasmallorcacharme.com\/blog\/palma-de-mallorca\/","title":{"rendered":"Palma de Mallorca"},"content":{"rendered":"<h1>Palma de Mallorca<\/h1>\n<p>Palma de Mallorca, en los a\u00f1os 2008 a 2011 s\u00f3lo llamada Palma, es la capital de la isla mediterr\u00e1nea espa\u00f1ola de Mallorca y sede del gobierno aut\u00f3nomo de las Islas Baleares.<br \/>\nPalma de Mallorca es el centro de abastecimiento de las Islas Baleares, donde se encuentran, adem\u00e1s del gobierno, el mayor puerto, el mayor aeropuerto y la mayor\u00eda de las instalaciones de infraestructura. Adem\u00e1s, la ciudad es un im\u00e1n para los turistas, ya que aqu\u00ed se ofrecen excursiones, especialmente desde los hoteles repartidos por la isla.<br \/>\nA principios de octubre de 2008, se elimin\u00f3 del registro municipal espa\u00f1ol el a\u00f1adido &#8220;de Mallorca&#8221; en el nombre de la ciudad y del municipio de Palma. As\u00ed, se aplic\u00f3 una solicitud que data del a\u00f1o 1998.&nbsp;El nuevo gobierno municipal de Palma de Mallorca, en el poder desde el verano de 2011, dio marcha atr\u00e1s mediante una resoluci\u00f3n del ayuntamiento el 16 de noviembre de 2011. El nombre oficial de la ciudad es desde el 16 de noviembre de 2011 de nuevo Palma de Mallorca.<br \/>\nPalma de Mallorca se extiende a lo largo de la Bah\u00eda de Palma, en la costa del mar Mediterr\u00e1neo, al oeste de la isla. La aglomeraci\u00f3n de la ciudad tiene unos 30 kil\u00f3metros de longitud y recorre la costa de <a title=\"Magaluf\" href=\"https:\/\/es.wikipedia.org\/wiki\/Magaluf\">Magaluf<\/a> oeste a <a title=\"S\u2019Arenal\" href=\"https:\/\/es.wikipedia.org\/wiki\/El_Arenal_(Baleares)\">S\u2019Arenal<\/a> en el este. Aqu\u00ed viven, con unos 500.000 habitantes, m\u00e1s de la mitad de los habitantes de Mallorca.<br \/>\nAl noroeste de la ciudad se encuentra el&nbsp;<a title=\"Serra de Tramuntana\" href=\"https:\/\/es.wikipedia.org\/wiki\/Sierra_de_Tramontana\">Serra de Tramuntana<\/a> y al noreste algunas cordilleras m\u00e1s peque\u00f1as, que separan Palma de Mallorca de la llanura central de Mallorca. Al este, la playa de arena se extiende a lo largo de la costa&nbsp;<a title=\"Platja de Palma\" href=\"https:\/\/es.wikipedia.org\/wiki\/Playa_de_Palma\">Platja de Palma<\/a> en unos diez kil\u00f3metros hasta S&#8217;Arenal. Al oeste se encuentra la bah\u00eda de Cala Major.<\/p>\n","protected":false},"excerpt":{"rendered":"<p>Palma de Mallorca Palma de Mallorca, en los a\u00f1os 2008 a 2011 s\u00f3lo llamada Palma, es la capital de la isla mediterr\u00e1nea espa\u00f1ola de Mallorca y sede del gobierno aut\u00f3nomo de las Islas Baleares. Palma de Mallorca es el centro de abastecimiento de las Islas Baleares, donde se encuentran, adem\u00e1s del gobierno, el mayor puerto,&#8230;<\/p>\n","protected":false},"author":2,"featured_media":802,"comment_status":"open","ping_status":"closed","sticky":false,"template":"","format":"standard","meta":{"ngg_post_thumbnail":0,"footnotes":""},"categories":[1],"tags":[],"class_list":["post-2836","post","type-post","status-publish","format-standard","has-post-thumbnail","hentry","category-sin-categorizar"],"yoast_head":"<!-- This site is optimized with the Yoast SEO plugin v26.2 - https:\/\/yoast.com\/wordpress\/plugins\/seo\/ -->\n<title>Palma de Mallorca - Blog Mallorca Charme<\/title>\n<meta name=\"robots\" content=\"noindex, follow\" \/>\n<meta property=\"og:locale\" content=\"es_ES\" \/>\n<meta property=\"og:type\" content=\"article\" \/>\n<meta property=\"og:title\" content=\"Palma de Mallorca - Blog Mallorca Charme\" \/>\n<meta property=\"og:description\" content=\"Palma de Mallorca Palma de Mallorca, en los a\u00f1os 2008 a 2011 s\u00f3lo llamada Palma, es la capital de la isla mediterr\u00e1nea espa\u00f1ola de Mallorca y sede del gobierno aut\u00f3nomo de las Islas Baleares. Palma de Mallorca es el centro de abastecimiento de las Islas Baleares, donde se encuentran, adem\u00e1s del gobierno, el mayor puerto,...\" \/>\n<meta property=\"og:url\" content=\"https:\/\/www.fincasmallorcacharme.com\/blog\/palma-de-mallorca\/\" \/>\n<meta property=\"og:site_name\" content=\"Blog Mallorca Charme\" \/>\n<meta property=\"article:published_time\" content=\"2021-07-05T10:39:00+00:00\" \/>\n<meta property=\"article:modified_time\" content=\"2021-07-14T11:59:14+00:00\" \/>\n<meta property=\"og:image\" content=\"https:\/\/www.fincasmallorcacharme.com\/blog\/wp-content\/uploads\/2018\/09\/Catedral_Mallorca.jpg\" \/>\n\t<meta property=\"og:image:width\" content=\"2552\" \/>\n\t<meta property=\"og:image:height\" content=\"1643\" \/>\n\t<meta property=\"og:image:type\" content=\"image\/jpeg\" \/>\n<meta name=\"author\" content=\"mallorcacharme\" \/>\n<meta name=\"twitter:card\" content=\"summary_large_image\" \/>\n<meta name=\"twitter:label1\" content=\"Escrito por\" \/>\n\t<meta name=\"twitter:data1\" content=\"mallorcacharme\" \/>\n\t<meta name=\"twitter:label2\" content=\"Tiempo de lectura\" \/>\n\t<meta name=\"twitter:data2\" content=\"2 minutos\" \/>\n<script type=\"application\/ld+json\" class=\"yoast-schema-graph\">{\"@context\":\"https:\/\/schema.org\",\"@graph\":[{\"@type\":\"Article\",\"@id\":\"https:\/\/www.fincasmallorcacharme.com\/blog\/palma-de-mallorca\/#article\",\"isPartOf\":{\"@id\":\"https:\/\/www.fincasmallorcacharme.com\/blog\/palma-de-mallorca\/\"},\"author\":{\"name\":\"mallorcacharme\",\"@id\":\"https:\/\/www.fincasmallorcacharme.com\/blog\/en\/#\/schema\/person\/335f2ad1ce51d3ab88517478d04fb7d7\"},\"headline\":\"Palma de Mallorca\",\"datePublished\":\"2021-07-05T10:39:00+00:00\",\"dateModified\":\"2021-07-14T11:59:14+00:00\",\"mainEntityOfPage\":{\"@id\":\"https:\/\/www.fincasmallorcacharme.com\/blog\/palma-de-mallorca\/\"},\"wordCount\":318,\"commentCount\":0,\"publisher\":{\"@id\":\"https:\/\/www.fincasmallorcacharme.com\/blog\/en\/#organization\"},\"image\":{\"@id\":\"https:\/\/www.fincasmallorcacharme.com\/blog\/palma-de-mallorca\/#primaryimage\"},\"thumbnailUrl\":\"https:\/\/www.fincasmallorcacharme.com\/blog\/wp-content\/uploads\/2018\/09\/Catedral_Mallorca.jpg\",\"articleSection\":[\"Sin categorizar\"],\"inLanguage\":\"es\",\"potentialAction\":[{\"@type\":\"CommentAction\",\"name\":\"Comment\",\"target\":[\"https:\/\/www.fincasmallorcacharme.com\/blog\/palma-de-mallorca\/#respond\"]}]},{\"@type\":\"WebPage\",\"@id\":\"https:\/\/www.fincasmallorcacharme.com\/blog\/palma-de-mallorca\/\",\"url\":\"https:\/\/www.fincasmallorcacharme.com\/blog\/palma-de-mallorca\/\",\"name\":\"Palma de Mallorca - Blog Mallorca Charme\",\"isPartOf\":{\"@id\":\"https:\/\/www.fincasmallorcacharme.com\/blog\/en\/#website\"},\"primaryImageOfPage\":{\"@id\":\"https:\/\/www.fincasmallorcacharme.com\/blog\/palma-de-mallorca\/#primaryimage\"},\"image\":{\"@id\":\"https:\/\/www.fincasmallorcacharme.com\/blog\/palma-de-mallorca\/#primaryimage\"},\"thumbnailUrl\":\"https:\/\/www.fincasmallorcacharme.com\/blog\/wp-content\/uploads\/2018\/09\/Catedral_Mallorca.jpg\",\"datePublished\":\"2021-07-05T10:39:00+00:00\",\"dateModified\":\"2021-07-14T11:59:14+00:00\",\"inLanguage\":\"es\",\"potentialAction\":[{\"@type\":\"ReadAction\",\"target\":[\"https:\/\/www.fincasmallorcacharme.com\/blog\/palma-de-mallorca\/\"]}]},{\"@type\":\"ImageObject\",\"inLanguage\":\"es\",\"@id\":\"https:\/\/www.fincasmallorcacharme.com\/blog\/palma-de-mallorca\/#primaryimage\",\"url\":\"https:\/\/www.fincasmallorcacharme.com\/blog\/wp-content\/uploads\/2018\/09\/Catedral_Mallorca.jpg\",\"contentUrl\":\"https:\/\/www.fincasmallorcacharme.com\/blog\/wp-content\/uploads\/2018\/09\/Catedral_Mallorca.jpg\",\"width\":2552,\"height\":1643,\"caption\":\"palma mallorca katedrale\"},{\"@type\":\"WebSite\",\"@id\":\"https:\/\/www.fincasmallorcacharme.com\/blog\/en\/#website\",\"url\":\"https:\/\/www.fincasmallorcacharme.com\/blog\/en\/\",\"name\":\"Blog Mallorca Charme\",\"description\":\"Fincasmallorcacharme Blog\",\"publisher\":{\"@id\":\"https:\/\/www.fincasmallorcacharme.com\/blog\/en\/#organization\"},\"potentialAction\":[{\"@type\":\"SearchAction\",\"target\":{\"@type\":\"EntryPoint\",\"urlTemplate\":\"https:\/\/www.fincasmallorcacharme.com\/blog\/en\/?s={search_term_string}\"},\"query-input\":{\"@type\":\"PropertyValueSpecification\",\"valueRequired\":true,\"valueName\":\"search_term_string\"}}],\"inLanguage\":\"es\"},{\"@type\":\"Organization\",\"@id\":\"https:\/\/www.fincasmallorcacharme.com\/blog\/en\/#organization\",\"name\":\"Blog Mallorca Charme\",\"url\":\"https:\/\/www.fincasmallorcacharme.com\/blog\/en\/\",\"logo\":{\"@type\":\"ImageObject\",\"inLanguage\":\"es\",\"@id\":\"https:\/\/www.fincasmallorcacharme.com\/blog\/en\/#\/schema\/logo\/image\/\",\"url\":\"https:\/\/www.fincasmallorcacharme.com\/blog\/wp-content\/uploads\/2020\/02\/cropped-headerrrrr-1.png\",\"contentUrl\":\"https:\/\/www.fincasmallorcacharme.com\/blog\/wp-content\/uploads\/2020\/02\/cropped-headerrrrr-1.png\",\"width\":1250,\"height\":250,\"caption\":\"Blog Mallorca Charme\"},\"image\":{\"@id\":\"https:\/\/www.fincasmallorcacharme.com\/blog\/en\/#\/schema\/logo\/image\/\"}},{\"@type\":\"Person\",\"@id\":\"https:\/\/www.fincasmallorcacharme.com\/blog\/en\/#\/schema\/person\/335f2ad1ce51d3ab88517478d04fb7d7\",\"name\":\"mallorcacharme\",\"url\":\"https:\/\/www.fincasmallorcacharme.com\/blog\/author\/mallorcacharme\/\"}]}<\/script>\n<!-- \/ Yoast SEO plugin. -->","yoast_head_json":{"title":"Palma de Mallorca - Blog Mallorca Charme","robots":{"index":"noindex","follow":"follow"},"og_locale":"es_ES","og_type":"article","og_title":"Palma de Mallorca - Blog Mallorca Charme","og_description":"Palma de Mallorca Palma de Mallorca, en los a\u00f1os 2008 a 2011 s\u00f3lo llamada Palma, es la capital de la isla mediterr\u00e1nea espa\u00f1ola de Mallorca y sede del gobierno aut\u00f3nomo de las Islas Baleares. Palma de Mallorca es el centro de abastecimiento de las Islas Baleares, donde se encuentran, adem\u00e1s del gobierno, el mayor puerto,...","og_url":"https:\/\/www.fincasmallorcacharme.com\/blog\/palma-de-mallorca\/","og_site_name":"Blog Mallorca Charme","article_published_time":"2021-07-05T10:39:00+00:00","article_modified_time":"2021-07-14T11:59:14+00:00","og_image":[{"width":2552,"height":1643,"url":"https:\/\/www.fincasmallorcacharme.com\/blog\/wp-content\/uploads\/2018\/09\/Catedral_Mallorca.jpg","type":"image\/jpeg"}],"author":"mallorcacharme","twitter_card":"summary_large_image","twitter_misc":{"Escrito por":"mallorcacharme","Tiempo de lectura":"2 minutos"},"schema":{"@context":"https:\/\/schema.org","@graph":[{"@type":"Article","@id":"https:\/\/www.fincasmallorcacharme.com\/blog\/palma-de-mallorca\/#article","isPartOf":{"@id":"https:\/\/www.fincasmallorcacharme.com\/blog\/palma-de-mallorca\/"},"author":{"name":"mallorcacharme","@id":"https:\/\/www.fincasmallorcacharme.com\/blog\/en\/#\/schema\/person\/335f2ad1ce51d3ab88517478d04fb7d7"},"headline":"Palma de Mallorca","datePublished":"2021-07-05T10:39:00+00:00","dateModified":"2021-07-14T11:59:14+00:00","mainEntityOfPage":{"@id":"https:\/\/www.fincasmallorcacharme.com\/blog\/palma-de-mallorca\/"},"wordCount":318,"commentCount":0,"publisher":{"@id":"https:\/\/www.fincasmallorcacharme.com\/blog\/en\/#organization"},"image":{"@id":"https:\/\/www.fincasmallorcacharme.com\/blog\/palma-de-mallorca\/#primaryimage"},"thumbnailUrl":"https:\/\/www.fincasmallorcacharme.com\/blog\/wp-content\/uploads\/2018\/09\/Catedral_Mallorca.jpg","articleSection":["Sin categorizar"],"inLanguage":"es","potentialAction":[{"@type":"CommentAction","name":"Comment","target":["https:\/\/www.fincasmallorcacharme.com\/blog\/palma-de-mallorca\/#respond"]}]},{"@type":"WebPage","@id":"https:\/\/www.fincasmallorcacharme.com\/blog\/palma-de-mallorca\/","url":"https:\/\/www.fincasmallorcacharme.com\/blog\/palma-de-mallorca\/","name":"Palma de Mallorca - Blog Mallorca Charme","isPartOf":{"@id":"https:\/\/www.fincasmallorcacharme.com\/blog\/en\/#website"},"primaryImageOfPage":{"@id":"https:\/\/www.fincasmallorcacharme.com\/blog\/palma-de-mallorca\/#primaryimage"},"image":{"@id":"https:\/\/www.fincasmallorcacharme.com\/blog\/palma-de-mallorca\/#primaryimage"},"thumbnailUrl":"https:\/\/www.fincasmallorcacharme.com\/blog\/wp-content\/uploads\/2018\/09\/Catedral_Mallorca.jpg","datePublished":"2021-07-05T10:39:00+00:00","dateModified":"2021-07-14T11:59:14+00:00","inLanguage":"es","potentialAction":[{"@type":"ReadAction","target":["https:\/\/www.fincasmallorcacharme.com\/blog\/palma-de-mallorca\/"]}]},{"@type":"ImageObject","inLanguage":"es","@id":"https:\/\/www.fincasmallorcacharme.com\/blog\/palma-de-mallorca\/#primaryimage","url":"https:\/\/www.fincasmallorcacharme.com\/blog\/wp-content\/uploads\/2018\/09\/Catedral_Mallorca.jpg","contentUrl":"https:\/\/www.fincasmallorcacharme.com\/blog\/wp-content\/uploads\/2018\/09\/Catedral_Mallorca.jpg","width":2552,"height":1643,"caption":"palma mallorca katedrale"},{"@type":"WebSite","@id":"https:\/\/www.fincasmallorcacharme.com\/blog\/en\/#website","url":"https:\/\/www.fincasmallorcacharme.com\/blog\/en\/","name":"Blog Mallorca Charme","description":"Fincasmallorcacharme Blog","publisher":{"@id":"https:\/\/www.fincasmallorcacharme.com\/blog\/en\/#organization"},"potentialAction":[{"@type":"SearchAction","target":{"@type":"EntryPoint","urlTemplate":"https:\/\/www.fincasmallorcacharme.com\/blog\/en\/?s={search_term_string}"},"query-input":{"@type":"PropertyValueSpecification","valueRequired":true,"valueName":"search_term_string"}}],"inLanguage":"es"},{"@type":"Organization","@id":"https:\/\/www.fincasmallorcacharme.com\/blog\/en\/#organization","name":"Blog Mallorca Charme","url":"https:\/\/www.fincasmallorcacharme.com\/blog\/en\/","logo":{"@type":"ImageObject","inLanguage":"es","@id":"https:\/\/www.fincasmallorcacharme.com\/blog\/en\/#\/schema\/logo\/image\/","url":"https:\/\/www.fincasmallorcacharme.com\/blog\/wp-content\/uploads\/2020\/02\/cropped-headerrrrr-1.png","contentUrl":"https:\/\/www.fincasmallorcacharme.com\/blog\/wp-content\/uploads\/2020\/02\/cropped-headerrrrr-1.png","width":1250,"height":250,"caption":"Blog Mallorca Charme"},"image":{"@id":"https:\/\/www.fincasmallorcacharme.com\/blog\/en\/#\/schema\/logo\/image\/"}},{"@type":"Person","@id":"https:\/\/www.fincasmallorcacharme.com\/blog\/en\/#\/schema\/person\/335f2ad1ce51d3ab88517478d04fb7d7","name":"mallorcacharme","url":"https:\/\/www.fincasmallorcacharme.com\/blog\/author\/mallorcacharme\/"}]}},"amp_enabled":true,"_links":{"self":[{"href":"https:\/\/www.fincasmallorcacharme.com\/blog\/wp-json\/wp\/v2\/posts\/2836","targetHints":{"allow":["GET"]}}],"collection":[{"href":"https:\/\/www.fincasmallorcacharme.com\/blog\/wp-json\/wp\/v2\/posts"}],"about":[{"href":"https:\/\/www.fincasmallorcacharme.com\/blog\/wp-json\/wp\/v2\/types\/post"}],"author":[{"embeddable":true,"href":"https:\/\/www.fincasmallorcacharme.com\/blog\/wp-json\/wp\/v2\/users\/2"}],"replies":[{"embeddable":true,"href":"https:\/\/www.fincasmallorcacharme.com\/blog\/wp-json\/wp\/v2\/comments?post=2836"}],"version-history":[{"count":1,"href":"https:\/\/www.fincasmallorcacharme.com\/blog\/wp-json\/wp\/v2\/posts\/2836\/revisions"}],"predecessor-version":[{"id":2858,"href":"https:\/\/www.fincasmallorcacharme.com\/blog\/wp-json\/wp\/v2\/posts\/2836\/revisions\/2858"}],"wp:featuredmedia":[{"embeddable":true,"href":"https:\/\/www.fincasmallorcacharme.com\/blog\/wp-json\/wp\/v2\/media\/802"}],"wp:attachment":[{"href":"https:\/\/www.fincasmallorcacharme.com\/blog\/wp-json\/wp\/v2\/media?parent=2836"}],"wp:term":[{"taxonomy":"category","embeddable":true,"href":"https:\/\/www.fincasmallorcacharme.com\/blog\/wp-json\/wp\/v2\/categories?post=2836"},{"taxonomy":"post_tag","embeddable":true,"href":"https:\/\/www.fincasmallorcacharme.com\/blog\/wp-json\/wp\/v2\/tags?post=2836"}],"curies":[{"name":"wp","href":"https:\/\/api.w.org\/{rel}","templated":true}]}}