{"id":2835,"date":"2021-07-05T10:35:33","date_gmt":"2021-07-05T10:35:33","guid":{"rendered":"https:\/\/www.fincasmallorcacharme.com\/blog\/?p=2835"},"modified":"2021-07-14T11:53:56","modified_gmt":"2021-07-14T11:53:56","slug":"pla-de-mallorca-2","status":"publish","type":"post","link":"https:\/\/www.fincasmallorcacharme.com\/blog\/pla-de-mallorca-2\/","title":{"rendered":"Pla de Mallorca"},"content":{"rendered":"<h1 class=\"text-primary\">Pla de Mallorca<\/h1>\n<p>Pla de Mallorca o Es Pla es una regi\u00f3n (<a title=\"Katalanische Sprache\" href=\"https:\/\/es.wikipedia.org\/wiki\/Idioma_catal%C3%A1n\" target=\"_blank\" rel=\"noopener\">katalanisch<\/a>:&nbsp;<a title=\"Landschaftszonen auf Mallorca\" href=\"https:\/\/es.wikipedia.org\/wiki\/Comarcas_de_Mallorca\" target=\"_blank\" rel=\"noopener\">Comarca<\/a>) auf der&nbsp;<a title=\"Spanien\" href=\"https:\/\/de.wikipedia.org\/wiki\/Spanien\" target=\"_blank\" rel=\"noopener\">spanischen<\/a>&nbsp;<a title=\"Balearische Inseln\" href=\"https:\/\/de.wikipedia.org\/wiki\/Balearische_Inseln\" target=\"_blank\" rel=\"noopener\">Baleareninsel<\/a>&nbsp;<a title=\"Mallorca\" href=\"https:\/\/de.wikipedia.org\/wiki\/Mallorca\" target=\"_blank\" rel=\"noopener\">Mallorca<\/a>. Se encuentra en la parte central de la isla.&nbsp;Es una llanura entre las cordilleras del&nbsp;<em><a title=\"Serra de Tramuntana\" href=\"https:\/\/es.wikipedia.org\/wiki\/Sierra_de_Tramontana\" target=\"_blank\" rel=\"noopener\">Serra de Tramuntana<\/a><\/em> en el noroeste y las Serres de Llevant en el este, que s\u00f3lo se ve interrumpido por cadenas monta\u00f1osas m\u00e1s peque\u00f1as. El punto m\u00e1s alto est\u00e1 en la frontera con el sur&nbsp;<em><a title=\"Migjorn\" href=\"https:\/\/es.wikipedia.org\/wiki\/Migjorn\" target=\"_blank\" rel=\"noopener\">Migjorn<\/a><\/em> da 540 metros de altura <a title=\"Tafelberg\" href=\"https:\/\/es.wikipedia.org\/wiki\/Mesa_(geomorfolog%C3%ADa)\" target=\"_blank\" rel=\"noopener\">Tafelberg<\/a>&nbsp;<em><a title=\"Puig de Randa\" href=\"https:\/\/es.wikipedia.org\/wiki\/Puig_de_Randa\" target=\"_blank\" rel=\"noopener\">Puig de Randa<\/a><\/em>.<\/p>\n<p>La mayor\u00eda de los productos agr\u00edcolas para las necesidades diarias de la isla, como las patatas, el arroz, el ma\u00edz y las verduras, proceden de la regi\u00f3n de Es Pla. Tambi\u00e9n se cultiva vino y hay muchos huertos de almendras. Con sus extensos campos, a Es Pla tambi\u00e9n se le llama el granero de Mallorca. Gracias a la protecci\u00f3n de las monta\u00f1as del noroeste frente a los vientos del norte en invierno, es posible obtener hasta cuatro cosechas al a\u00f1o. Sin embargo, el interior de la isla es tambi\u00e9n la zona m\u00e1s calurosa en verano.<\/p>\n<p>En el Pla de Mallorca viven con 54.147 personas (estado: 2008) el menor n\u00famero de habitantes de las seis comarcas de Mallorca. Tampoco existe un lugar central de la regi\u00f3n. Por su parte, la localidad tur\u00edstica de Can Picafort, en la bah\u00eda de Alc\u00fadia, en el municipio de Santa Margalida, es la que m\u00e1s poblaci\u00f3n tiene. En la bah\u00eda del norte de Mallorca hay kil\u00f3metros de playas de arena, el principal destino de la mayor\u00eda de los veraneantes. El turismo tambi\u00e9n est\u00e1 ganando importancia en Es Pla en comparaci\u00f3n con la agricultura. En el interior de Mallorca, la atenci\u00f3n se centra cada vez m\u00e1s en el agroturismo, las vacaciones en el campo a la sombra de los numerosos molinos de viento.<\/p>\n<p>Las regiones insulares adyacentes est\u00e1n en el este <em><a title=\"Llevant\" href=\"https:\/\/es.wikipedia.org\/wiki\/Levante_(Mallorca)\" target=\"_blank\" rel=\"noopener\">Llevant<\/a><\/em>, en el Sur <em><a title=\"Migjorn\" href=\"https:\/\/es.wikipedia.org\/wiki\/Migjorn\" target=\"_blank\" rel=\"noopener\">Migjorn<\/a><\/em>, en el&nbsp;noroeste <em><a title=\"Raiguer\" href=\"https:\/\/es.wikipedia.org\/wiki\/Raiguer\" target=\"_blank\" rel=\"noopener\">Raiguer<\/a><\/em> y en el oeste la capital de la isla <a title=\"Palma\" href=\"https:\/\/es.wikipedia.org\/wiki\/Palma_de_Mallorca\" target=\"_blank\" rel=\"noopener\">Palma.<\/a><\/p>\n<p><a href=\"https:\/\/es.wikipedia.org\/wiki\/Llano_de_Mallorca\" target=\"_blank\" rel=\"noopener\">Visita la Web<\/a><\/p>\n","protected":false},"excerpt":{"rendered":"<p>Pla de Mallorca Pla de Mallorca o Es Pla es una regi\u00f3n (katalanisch:&nbsp;Comarca) auf der&nbsp;spanischen&nbsp;Baleareninsel&nbsp;Mallorca. Se encuentra en la parte central de la isla.&nbsp;Es una llanura entre las cordilleras del&nbsp;Serra de Tramuntana en el noroeste y las Serres de Llevant en el este, que s\u00f3lo se ve interrumpido por cadenas monta\u00f1osas m\u00e1s peque\u00f1as. El punto&#8230;<\/p>\n","protected":false},"author":2,"featured_media":2417,"comment_status":"open","ping_status":"closed","sticky":false,"template":"","format":"standard","meta":{"ngg_post_thumbnail":0,"footnotes":""},"categories":[1],"tags":[],"class_list":["post-2835","post","type-post","status-publish","format-standard","has-post-thumbnail","hentry","category-sin-categorizar"],"yoast_head":"<!-- This site is optimized with the Yoast SEO plugin v26.2 - https:\/\/yoast.com\/wordpress\/plugins\/seo\/ -->\n<title>Pla de Mallorca - Blog Mallorca Charme<\/title>\n<meta name=\"robots\" content=\"noindex, follow\" \/>\n<meta property=\"og:locale\" content=\"es_ES\" \/>\n<meta property=\"og:type\" content=\"article\" \/>\n<meta property=\"og:title\" content=\"Pla de Mallorca - Blog Mallorca Charme\" \/>\n<meta property=\"og:description\" content=\"Pla de Mallorca Pla de Mallorca o Es Pla es una regi\u00f3n (katalanisch:&nbsp;Comarca) auf der&nbsp;spanischen&nbsp;Baleareninsel&nbsp;Mallorca. Se encuentra en la parte central de la isla.&nbsp;Es una llanura entre las cordilleras del&nbsp;Serra de Tramuntana en el noroeste y las Serres de Llevant en el este, que s\u00f3lo se ve interrumpido por cadenas monta\u00f1osas m\u00e1s peque\u00f1as. El punto...\" \/>\n<meta property=\"og:url\" content=\"https:\/\/www.fincasmallorcacharme.com\/blog\/pla-de-mallorca-2\/\" \/>\n<meta property=\"og:site_name\" content=\"Blog Mallorca Charme\" \/>\n<meta property=\"article:published_time\" content=\"2021-07-05T10:35:33+00:00\" \/>\n<meta property=\"article:modified_time\" content=\"2021-07-14T11:53:56+00:00\" \/>\n<meta property=\"og:image\" content=\"https:\/\/www.fincasmallorcacharme.com\/blog\/wp-content\/uploads\/2020\/07\/son-real-caballos-1.jpg\" \/>\n\t<meta property=\"og:image:width\" content=\"768\" \/>\n\t<meta property=\"og:image:height\" content=\"488\" \/>\n\t<meta property=\"og:image:type\" content=\"image\/jpeg\" \/>\n<meta name=\"author\" content=\"mallorcacharme\" \/>\n<meta name=\"twitter:card\" content=\"summary_large_image\" \/>\n<meta name=\"twitter:label1\" content=\"Escrito por\" \/>\n\t<meta name=\"twitter:data1\" content=\"mallorcacharme\" \/>\n\t<meta name=\"twitter:label2\" content=\"Tiempo de lectura\" \/>\n\t<meta name=\"twitter:data2\" content=\"2 minutos\" \/>\n<script type=\"application\/ld+json\" class=\"yoast-schema-graph\">{\"@context\":\"https:\/\/schema.org\",\"@graph\":[{\"@type\":\"Article\",\"@id\":\"https:\/\/www.fincasmallorcacharme.com\/blog\/pla-de-mallorca-2\/#article\",\"isPartOf\":{\"@id\":\"https:\/\/www.fincasmallorcacharme.com\/blog\/pla-de-mallorca-2\/\"},\"author\":{\"name\":\"mallorcacharme\",\"@id\":\"https:\/\/www.fincasmallorcacharme.com\/blog\/en\/#\/schema\/person\/335f2ad1ce51d3ab88517478d04fb7d7\"},\"headline\":\"Pla de Mallorca\",\"datePublished\":\"2021-07-05T10:35:33+00:00\",\"dateModified\":\"2021-07-14T11:53:56+00:00\",\"mainEntityOfPage\":{\"@id\":\"https:\/\/www.fincasmallorcacharme.com\/blog\/pla-de-mallorca-2\/\"},\"wordCount\":367,\"commentCount\":0,\"publisher\":{\"@id\":\"https:\/\/www.fincasmallorcacharme.com\/blog\/en\/#organization\"},\"image\":{\"@id\":\"https:\/\/www.fincasmallorcacharme.com\/blog\/pla-de-mallorca-2\/#primaryimage\"},\"thumbnailUrl\":\"https:\/\/www.fincasmallorcacharme.com\/blog\/wp-content\/uploads\/2020\/07\/son-real-caballos-1.jpg\",\"articleSection\":[\"Sin categorizar\"],\"inLanguage\":\"es\",\"potentialAction\":[{\"@type\":\"CommentAction\",\"name\":\"Comment\",\"target\":[\"https:\/\/www.fincasmallorcacharme.com\/blog\/pla-de-mallorca-2\/#respond\"]}]},{\"@type\":\"WebPage\",\"@id\":\"https:\/\/www.fincasmallorcacharme.com\/blog\/pla-de-mallorca-2\/\",\"url\":\"https:\/\/www.fincasmallorcacharme.com\/blog\/pla-de-mallorca-2\/\",\"name\":\"Pla de Mallorca - Blog Mallorca Charme\",\"isPartOf\":{\"@id\":\"https:\/\/www.fincasmallorcacharme.com\/blog\/en\/#website\"},\"primaryImageOfPage\":{\"@id\":\"https:\/\/www.fincasmallorcacharme.com\/blog\/pla-de-mallorca-2\/#primaryimage\"},\"image\":{\"@id\":\"https:\/\/www.fincasmallorcacharme.com\/blog\/pla-de-mallorca-2\/#primaryimage\"},\"thumbnailUrl\":\"https:\/\/www.fincasmallorcacharme.com\/blog\/wp-content\/uploads\/2020\/07\/son-real-caballos-1.jpg\",\"datePublished\":\"2021-07-05T10:35:33+00:00\",\"dateModified\":\"2021-07-14T11:53:56+00:00\",\"inLanguage\":\"es\",\"potentialAction\":[{\"@type\":\"ReadAction\",\"target\":[\"https:\/\/www.fincasmallorcacharme.com\/blog\/pla-de-mallorca-2\/\"]}]},{\"@type\":\"ImageObject\",\"inLanguage\":\"es\",\"@id\":\"https:\/\/www.fincasmallorcacharme.com\/blog\/pla-de-mallorca-2\/#primaryimage\",\"url\":\"https:\/\/www.fincasmallorcacharme.com\/blog\/wp-content\/uploads\/2020\/07\/son-real-caballos-1.jpg\",\"contentUrl\":\"https:\/\/www.fincasmallorcacharme.com\/blog\/wp-content\/uploads\/2020\/07\/son-real-caballos-1.jpg\",\"width\":768,\"height\":488,\"caption\":\"son real caballos\"},{\"@type\":\"WebSite\",\"@id\":\"https:\/\/www.fincasmallorcacharme.com\/blog\/en\/#website\",\"url\":\"https:\/\/www.fincasmallorcacharme.com\/blog\/en\/\",\"name\":\"Blog Mallorca Charme\",\"description\":\"Fincasmallorcacharme Blog\",\"publisher\":{\"@id\":\"https:\/\/www.fincasmallorcacharme.com\/blog\/en\/#organization\"},\"potentialAction\":[{\"@type\":\"SearchAction\",\"target\":{\"@type\":\"EntryPoint\",\"urlTemplate\":\"https:\/\/www.fincasmallorcacharme.com\/blog\/en\/?s={search_term_string}\"},\"query-input\":{\"@type\":\"PropertyValueSpecification\",\"valueRequired\":true,\"valueName\":\"search_term_string\"}}],\"inLanguage\":\"es\"},{\"@type\":\"Organization\",\"@id\":\"https:\/\/www.fincasmallorcacharme.com\/blog\/en\/#organization\",\"name\":\"Blog Mallorca Charme\",\"url\":\"https:\/\/www.fincasmallorcacharme.com\/blog\/en\/\",\"logo\":{\"@type\":\"ImageObject\",\"inLanguage\":\"es\",\"@id\":\"https:\/\/www.fincasmallorcacharme.com\/blog\/en\/#\/schema\/logo\/image\/\",\"url\":\"https:\/\/www.fincasmallorcacharme.com\/blog\/wp-content\/uploads\/2020\/02\/cropped-headerrrrr-1.png\",\"contentUrl\":\"https:\/\/www.fincasmallorcacharme.com\/blog\/wp-content\/uploads\/2020\/02\/cropped-headerrrrr-1.png\",\"width\":1250,\"height\":250,\"caption\":\"Blog Mallorca Charme\"},\"image\":{\"@id\":\"https:\/\/www.fincasmallorcacharme.com\/blog\/en\/#\/schema\/logo\/image\/\"}},{\"@type\":\"Person\",\"@id\":\"https:\/\/www.fincasmallorcacharme.com\/blog\/en\/#\/schema\/person\/335f2ad1ce51d3ab88517478d04fb7d7\",\"name\":\"mallorcacharme\",\"url\":\"https:\/\/www.fincasmallorcacharme.com\/blog\/author\/mallorcacharme\/\"}]}<\/script>\n<!-- \/ Yoast SEO plugin. -->","yoast_head_json":{"title":"Pla de Mallorca - Blog Mallorca Charme","robots":{"index":"noindex","follow":"follow"},"og_locale":"es_ES","og_type":"article","og_title":"Pla de Mallorca - Blog Mallorca Charme","og_description":"Pla de Mallorca Pla de Mallorca o Es Pla es una regi\u00f3n (katalanisch:&nbsp;Comarca) auf der&nbsp;spanischen&nbsp;Baleareninsel&nbsp;Mallorca. Se encuentra en la parte central de la isla.&nbsp;Es una llanura entre las cordilleras del&nbsp;Serra de Tramuntana en el noroeste y las Serres de Llevant en el este, que s\u00f3lo se ve interrumpido por cadenas monta\u00f1osas m\u00e1s peque\u00f1as. El punto...","og_url":"https:\/\/www.fincasmallorcacharme.com\/blog\/pla-de-mallorca-2\/","og_site_name":"Blog Mallorca Charme","article_published_time":"2021-07-05T10:35:33+00:00","article_modified_time":"2021-07-14T11:53:56+00:00","og_image":[{"width":768,"height":488,"url":"https:\/\/www.fincasmallorcacharme.com\/blog\/wp-content\/uploads\/2020\/07\/son-real-caballos-1.jpg","type":"image\/jpeg"}],"author":"mallorcacharme","twitter_card":"summary_large_image","twitter_misc":{"Escrito por":"mallorcacharme","Tiempo de lectura":"2 minutos"},"schema":{"@context":"https:\/\/schema.org","@graph":[{"@type":"Article","@id":"https:\/\/www.fincasmallorcacharme.com\/blog\/pla-de-mallorca-2\/#article","isPartOf":{"@id":"https:\/\/www.fincasmallorcacharme.com\/blog\/pla-de-mallorca-2\/"},"author":{"name":"mallorcacharme","@id":"https:\/\/www.fincasmallorcacharme.com\/blog\/en\/#\/schema\/person\/335f2ad1ce51d3ab88517478d04fb7d7"},"headline":"Pla de Mallorca","datePublished":"2021-07-05T10:35:33+00:00","dateModified":"2021-07-14T11:53:56+00:00","mainEntityOfPage":{"@id":"https:\/\/www.fincasmallorcacharme.com\/blog\/pla-de-mallorca-2\/"},"wordCount":367,"commentCount":0,"publisher":{"@id":"https:\/\/www.fincasmallorcacharme.com\/blog\/en\/#organization"},"image":{"@id":"https:\/\/www.fincasmallorcacharme.com\/blog\/pla-de-mallorca-2\/#primaryimage"},"thumbnailUrl":"https:\/\/www.fincasmallorcacharme.com\/blog\/wp-content\/uploads\/2020\/07\/son-real-caballos-1.jpg","articleSection":["Sin categorizar"],"inLanguage":"es","potentialAction":[{"@type":"CommentAction","name":"Comment","target":["https:\/\/www.fincasmallorcacharme.com\/blog\/pla-de-mallorca-2\/#respond"]}]},{"@type":"WebPage","@id":"https:\/\/www.fincasmallorcacharme.com\/blog\/pla-de-mallorca-2\/","url":"https:\/\/www.fincasmallorcacharme.com\/blog\/pla-de-mallorca-2\/","name":"Pla de Mallorca - Blog Mallorca Charme","isPartOf":{"@id":"https:\/\/www.fincasmallorcacharme.com\/blog\/en\/#website"},"primaryImageOfPage":{"@id":"https:\/\/www.fincasmallorcacharme.com\/blog\/pla-de-mallorca-2\/#primaryimage"},"image":{"@id":"https:\/\/www.fincasmallorcacharme.com\/blog\/pla-de-mallorca-2\/#primaryimage"},"thumbnailUrl":"https:\/\/www.fincasmallorcacharme.com\/blog\/wp-content\/uploads\/2020\/07\/son-real-caballos-1.jpg","datePublished":"2021-07-05T10:35:33+00:00","dateModified":"2021-07-14T11:53:56+00:00","inLanguage":"es","potentialAction":[{"@type":"ReadAction","target":["https:\/\/www.fincasmallorcacharme.com\/blog\/pla-de-mallorca-2\/"]}]},{"@type":"ImageObject","inLanguage":"es","@id":"https:\/\/www.fincasmallorcacharme.com\/blog\/pla-de-mallorca-2\/#primaryimage","url":"https:\/\/www.fincasmallorcacharme.com\/blog\/wp-content\/uploads\/2020\/07\/son-real-caballos-1.jpg","contentUrl":"https:\/\/www.fincasmallorcacharme.com\/blog\/wp-content\/uploads\/2020\/07\/son-real-caballos-1.jpg","width":768,"height":488,"caption":"son real caballos"},{"@type":"WebSite","@id":"https:\/\/www.fincasmallorcacharme.com\/blog\/en\/#website","url":"https:\/\/www.fincasmallorcacharme.com\/blog\/en\/","name":"Blog Mallorca Charme","description":"Fincasmallorcacharme Blog","publisher":{"@id":"https:\/\/www.fincasmallorcacharme.com\/blog\/en\/#organization"},"potentialAction":[{"@type":"SearchAction","target":{"@type":"EntryPoint","urlTemplate":"https:\/\/www.fincasmallorcacharme.com\/blog\/en\/?s={search_term_string}"},"query-input":{"@type":"PropertyValueSpecification","valueRequired":true,"valueName":"search_term_string"}}],"inLanguage":"es"},{"@type":"Organization","@id":"https:\/\/www.fincasmallorcacharme.com\/blog\/en\/#organization","name":"Blog Mallorca Charme","url":"https:\/\/www.fincasmallorcacharme.com\/blog\/en\/","logo":{"@type":"ImageObject","inLanguage":"es","@id":"https:\/\/www.fincasmallorcacharme.com\/blog\/en\/#\/schema\/logo\/image\/","url":"https:\/\/www.fincasmallorcacharme.com\/blog\/wp-content\/uploads\/2020\/02\/cropped-headerrrrr-1.png","contentUrl":"https:\/\/www.fincasmallorcacharme.com\/blog\/wp-content\/uploads\/2020\/02\/cropped-headerrrrr-1.png","width":1250,"height":250,"caption":"Blog Mallorca Charme"},"image":{"@id":"https:\/\/www.fincasmallorcacharme.com\/blog\/en\/#\/schema\/logo\/image\/"}},{"@type":"Person","@id":"https:\/\/www.fincasmallorcacharme.com\/blog\/en\/#\/schema\/person\/335f2ad1ce51d3ab88517478d04fb7d7","name":"mallorcacharme","url":"https:\/\/www.fincasmallorcacharme.com\/blog\/author\/mallorcacharme\/"}]}},"amp_enabled":true,"_links":{"self":[{"href":"https:\/\/www.fincasmallorcacharme.com\/blog\/wp-json\/wp\/v2\/posts\/2835","targetHints":{"allow":["GET"]}}],"collection":[{"href":"https:\/\/www.fincasmallorcacharme.com\/blog\/wp-json\/wp\/v2\/posts"}],"about":[{"href":"https:\/\/www.fincasmallorcacharme.com\/blog\/wp-json\/wp\/v2\/types\/post"}],"author":[{"embeddable":true,"href":"https:\/\/www.fincasmallorcacharme.com\/blog\/wp-json\/wp\/v2\/users\/2"}],"replies":[{"embeddable":true,"href":"https:\/\/www.fincasmallorcacharme.com\/blog\/wp-json\/wp\/v2\/comments?post=2835"}],"version-history":[{"count":1,"href":"https:\/\/www.fincasmallorcacharme.com\/blog\/wp-json\/wp\/v2\/posts\/2835\/revisions"}],"predecessor-version":[{"id":2857,"href":"https:\/\/www.fincasmallorcacharme.com\/blog\/wp-json\/wp\/v2\/posts\/2835\/revisions\/2857"}],"wp:featuredmedia":[{"embeddable":true,"href":"https:\/\/www.fincasmallorcacharme.com\/blog\/wp-json\/wp\/v2\/media\/2417"}],"wp:attachment":[{"href":"https:\/\/www.fincasmallorcacharme.com\/blog\/wp-json\/wp\/v2\/media?parent=2835"}],"wp:term":[{"taxonomy":"category","embeddable":true,"href":"https:\/\/www.fincasmallorcacharme.com\/blog\/wp-json\/wp\/v2\/categories?post=2835"},{"taxonomy":"post_tag","embeddable":true,"href":"https:\/\/www.fincasmallorcacharme.com\/blog\/wp-json\/wp\/v2\/tags?post=2835"}],"curies":[{"name":"wp","href":"https:\/\/api.w.org\/{rel}","templated":true}]}}