{"id":2834,"date":"2021-07-05T10:30:13","date_gmt":"2021-07-05T10:30:13","guid":{"rendered":"https:\/\/www.fincasmallorcacharme.com\/blog\/?p=2834"},"modified":"2021-07-14T11:53:16","modified_gmt":"2021-07-14T11:53:16","slug":"raiguer","status":"publish","type":"post","link":"https:\/\/www.fincasmallorcacharme.com\/blog\/raiguer\/","title":{"rendered":"Raiguer"},"content":{"rendered":"<h1 class=\"text-primary\">Raiguer<\/h1>\n<p>Junto a la Serra de Tramuntana, en la vertiente sureste de la cordillera, entre la pen\u00ednsula de la Victoria y la regi\u00f3n urbana de la capital, Palma, se encuentra la regi\u00f3n de&nbsp; <em><a title=\"Raiguer\" href=\"https:\/\/es.wikipedia.org\/wiki\/Raiguer\" target=\"_blank\" rel=\"noopener\">Es Raiguer<\/a><\/em>.Es una zona de transici\u00f3n entre las monta\u00f1as y las llanuras <em><a title=\"Es Pl\u00e0\" href=\"https:\/\/es.wikipedia.org\/wiki\/Llano_de_Mallorca\" target=\"_blank\" rel=\"noopener\">Es Pl\u00e0<\/a><\/em> en el centro de Mallorca. Aqu\u00ed hay mucha agua, pero poco terreno plano y cultivable.<br \/>\nLa regi\u00f3n del Raiguer y en particular la ciudad de&nbsp;<a title=\"Inca\" href=\"https:\/\/de.wikipedia.org\/wiki\/Inca\" target=\"_blank\" rel=\"noopener\">Inca<\/a> son conocidos como el centro de la artesan\u00eda del calzado y del cuero en Mallorca. La regi\u00f3n cuenta con 123.046 habitantes (en 2007) y tambi\u00e9n tiene una especie de centro en Inca, aunque el municipio de <a title=\"Marratxi\" href=\"https:\/\/es.wikipedia.org\/wiki\/Marrach%C3%AD\" target=\"_blank\" rel=\"noopener\">Marratxi<\/a> como suburbio de Palma tiene algo m\u00e1s de habitantes. El tercer municipio m\u00e1s grande es la ciudad <a title=\"Alc\u00fadia\" href=\"https:\/\/es.wikipedia.org\/wiki\/Alcudia\" target=\"_blank\" rel=\"noopener\">Alc\u00fadia<\/a> en la bah\u00eda que lleva su nombre en la costa norte.<\/p>\n<p><a href=\"https:\/\/es.wikipedia.org\/wiki\/Raiguer\" target=\"_blank\" rel=\"noopener\">Visita la Web<\/a><\/p>\n","protected":false},"excerpt":{"rendered":"<p>Raiguer Junto a la Serra de Tramuntana, en la vertiente sureste de la cordillera, entre la pen\u00ednsula de la Victoria y la regi\u00f3n urbana de la capital, Palma, se encuentra la regi\u00f3n de&nbsp; Es Raiguer.Es una zona de transici\u00f3n entre las monta\u00f1as y las llanuras Es Pl\u00e0 en el centro de Mallorca. Aqu\u00ed hay mucha&#8230;<\/p>\n","protected":false},"author":2,"featured_media":1289,"comment_status":"open","ping_status":"closed","sticky":false,"template":"","format":"standard","meta":{"ngg_post_thumbnail":0,"footnotes":""},"categories":[1],"tags":[],"class_list":["post-2834","post","type-post","status-publish","format-standard","has-post-thumbnail","hentry","category-sin-categorizar"],"yoast_head":"<!-- This site is optimized with the Yoast SEO plugin v26.2 - https:\/\/yoast.com\/wordpress\/plugins\/seo\/ -->\n<title>Raiguer - Blog Mallorca Charme<\/title>\n<meta name=\"robots\" content=\"noindex, follow\" \/>\n<meta property=\"og:locale\" content=\"es_ES\" \/>\n<meta property=\"og:type\" content=\"article\" \/>\n<meta property=\"og:title\" content=\"Raiguer - Blog Mallorca Charme\" \/>\n<meta property=\"og:description\" content=\"Raiguer Junto a la Serra de Tramuntana, en la vertiente sureste de la cordillera, entre la pen\u00ednsula de la Victoria y la regi\u00f3n urbana de la capital, Palma, se encuentra la regi\u00f3n de&nbsp; Es Raiguer.Es una zona de transici\u00f3n entre las monta\u00f1as y las llanuras Es Pl\u00e0 en el centro de Mallorca. Aqu\u00ed hay mucha...\" \/>\n<meta property=\"og:url\" content=\"https:\/\/www.fincasmallorcacharme.com\/blog\/raiguer\/\" \/>\n<meta property=\"og:site_name\" content=\"Blog Mallorca Charme\" \/>\n<meta property=\"article:published_time\" content=\"2021-07-05T10:30:13+00:00\" \/>\n<meta property=\"article:modified_time\" content=\"2021-07-14T11:53:16+00:00\" \/>\n<meta property=\"og:image\" content=\"https:\/\/www.fincasmallorcacharme.com\/blog\/wp-content\/uploads\/2019\/11\/mallorca-karte.png\" \/>\n\t<meta property=\"og:image:width\" content=\"686\" \/>\n\t<meta property=\"og:image:height\" content=\"487\" \/>\n\t<meta property=\"og:image:type\" content=\"image\/png\" \/>\n<meta name=\"author\" content=\"mallorcacharme\" \/>\n<meta name=\"twitter:card\" content=\"summary_large_image\" \/>\n<meta name=\"twitter:label1\" content=\"Escrito por\" \/>\n\t<meta name=\"twitter:data1\" content=\"mallorcacharme\" \/>\n\t<meta name=\"twitter:label2\" content=\"Tiempo de lectura\" \/>\n\t<meta name=\"twitter:data2\" content=\"1 minuto\" \/>\n<script type=\"application\/ld+json\" class=\"yoast-schema-graph\">{\"@context\":\"https:\/\/schema.org\",\"@graph\":[{\"@type\":\"Article\",\"@id\":\"https:\/\/www.fincasmallorcacharme.com\/blog\/raiguer\/#article\",\"isPartOf\":{\"@id\":\"https:\/\/www.fincasmallorcacharme.com\/blog\/raiguer\/\"},\"author\":{\"name\":\"mallorcacharme\",\"@id\":\"https:\/\/www.fincasmallorcacharme.com\/blog\/en\/#\/schema\/person\/335f2ad1ce51d3ab88517478d04fb7d7\"},\"headline\":\"Raiguer\",\"datePublished\":\"2021-07-05T10:30:13+00:00\",\"dateModified\":\"2021-07-14T11:53:16+00:00\",\"mainEntityOfPage\":{\"@id\":\"https:\/\/www.fincasmallorcacharme.com\/blog\/raiguer\/\"},\"wordCount\":157,\"commentCount\":0,\"publisher\":{\"@id\":\"https:\/\/www.fincasmallorcacharme.com\/blog\/en\/#organization\"},\"image\":{\"@id\":\"https:\/\/www.fincasmallorcacharme.com\/blog\/raiguer\/#primaryimage\"},\"thumbnailUrl\":\"https:\/\/www.fincasmallorcacharme.com\/blog\/wp-content\/uploads\/2019\/11\/mallorca-karte.png\",\"articleSection\":[\"Sin categorizar\"],\"inLanguage\":\"es\",\"potentialAction\":[{\"@type\":\"CommentAction\",\"name\":\"Comment\",\"target\":[\"https:\/\/www.fincasmallorcacharme.com\/blog\/raiguer\/#respond\"]}]},{\"@type\":\"WebPage\",\"@id\":\"https:\/\/www.fincasmallorcacharme.com\/blog\/raiguer\/\",\"url\":\"https:\/\/www.fincasmallorcacharme.com\/blog\/raiguer\/\",\"name\":\"Raiguer - Blog Mallorca Charme\",\"isPartOf\":{\"@id\":\"https:\/\/www.fincasmallorcacharme.com\/blog\/en\/#website\"},\"primaryImageOfPage\":{\"@id\":\"https:\/\/www.fincasmallorcacharme.com\/blog\/raiguer\/#primaryimage\"},\"image\":{\"@id\":\"https:\/\/www.fincasmallorcacharme.com\/blog\/raiguer\/#primaryimage\"},\"thumbnailUrl\":\"https:\/\/www.fincasmallorcacharme.com\/blog\/wp-content\/uploads\/2019\/11\/mallorca-karte.png\",\"datePublished\":\"2021-07-05T10:30:13+00:00\",\"dateModified\":\"2021-07-14T11:53:16+00:00\",\"inLanguage\":\"es\",\"potentialAction\":[{\"@type\":\"ReadAction\",\"target\":[\"https:\/\/www.fincasmallorcacharme.com\/blog\/raiguer\/\"]}]},{\"@type\":\"ImageObject\",\"inLanguage\":\"es\",\"@id\":\"https:\/\/www.fincasmallorcacharme.com\/blog\/raiguer\/#primaryimage\",\"url\":\"https:\/\/www.fincasmallorcacharme.com\/blog\/wp-content\/uploads\/2019\/11\/mallorca-karte.png\",\"contentUrl\":\"https:\/\/www.fincasmallorcacharme.com\/blog\/wp-content\/uploads\/2019\/11\/mallorca-karte.png\",\"width\":686,\"height\":487,\"caption\":\"mallorca karte\"},{\"@type\":\"WebSite\",\"@id\":\"https:\/\/www.fincasmallorcacharme.com\/blog\/en\/#website\",\"url\":\"https:\/\/www.fincasmallorcacharme.com\/blog\/en\/\",\"name\":\"Blog Mallorca Charme\",\"description\":\"Fincasmallorcacharme Blog\",\"publisher\":{\"@id\":\"https:\/\/www.fincasmallorcacharme.com\/blog\/en\/#organization\"},\"potentialAction\":[{\"@type\":\"SearchAction\",\"target\":{\"@type\":\"EntryPoint\",\"urlTemplate\":\"https:\/\/www.fincasmallorcacharme.com\/blog\/en\/?s={search_term_string}\"},\"query-input\":{\"@type\":\"PropertyValueSpecification\",\"valueRequired\":true,\"valueName\":\"search_term_string\"}}],\"inLanguage\":\"es\"},{\"@type\":\"Organization\",\"@id\":\"https:\/\/www.fincasmallorcacharme.com\/blog\/en\/#organization\",\"name\":\"Blog Mallorca Charme\",\"url\":\"https:\/\/www.fincasmallorcacharme.com\/blog\/en\/\",\"logo\":{\"@type\":\"ImageObject\",\"inLanguage\":\"es\",\"@id\":\"https:\/\/www.fincasmallorcacharme.com\/blog\/en\/#\/schema\/logo\/image\/\",\"url\":\"https:\/\/www.fincasmallorcacharme.com\/blog\/wp-content\/uploads\/2020\/02\/cropped-headerrrrr-1.png\",\"contentUrl\":\"https:\/\/www.fincasmallorcacharme.com\/blog\/wp-content\/uploads\/2020\/02\/cropped-headerrrrr-1.png\",\"width\":1250,\"height\":250,\"caption\":\"Blog Mallorca Charme\"},\"image\":{\"@id\":\"https:\/\/www.fincasmallorcacharme.com\/blog\/en\/#\/schema\/logo\/image\/\"}},{\"@type\":\"Person\",\"@id\":\"https:\/\/www.fincasmallorcacharme.com\/blog\/en\/#\/schema\/person\/335f2ad1ce51d3ab88517478d04fb7d7\",\"name\":\"mallorcacharme\",\"url\":\"https:\/\/www.fincasmallorcacharme.com\/blog\/author\/mallorcacharme\/\"}]}<\/script>\n<!-- \/ Yoast SEO plugin. -->","yoast_head_json":{"title":"Raiguer - Blog Mallorca Charme","robots":{"index":"noindex","follow":"follow"},"og_locale":"es_ES","og_type":"article","og_title":"Raiguer - Blog Mallorca Charme","og_description":"Raiguer Junto a la Serra de Tramuntana, en la vertiente sureste de la cordillera, entre la pen\u00ednsula de la Victoria y la regi\u00f3n urbana de la capital, Palma, se encuentra la regi\u00f3n de&nbsp; Es Raiguer.Es una zona de transici\u00f3n entre las monta\u00f1as y las llanuras Es Pl\u00e0 en el centro de Mallorca. Aqu\u00ed hay mucha...","og_url":"https:\/\/www.fincasmallorcacharme.com\/blog\/raiguer\/","og_site_name":"Blog Mallorca Charme","article_published_time":"2021-07-05T10:30:13+00:00","article_modified_time":"2021-07-14T11:53:16+00:00","og_image":[{"width":686,"height":487,"url":"https:\/\/www.fincasmallorcacharme.com\/blog\/wp-content\/uploads\/2019\/11\/mallorca-karte.png","type":"image\/png"}],"author":"mallorcacharme","twitter_card":"summary_large_image","twitter_misc":{"Escrito por":"mallorcacharme","Tiempo de lectura":"1 minuto"},"schema":{"@context":"https:\/\/schema.org","@graph":[{"@type":"Article","@id":"https:\/\/www.fincasmallorcacharme.com\/blog\/raiguer\/#article","isPartOf":{"@id":"https:\/\/www.fincasmallorcacharme.com\/blog\/raiguer\/"},"author":{"name":"mallorcacharme","@id":"https:\/\/www.fincasmallorcacharme.com\/blog\/en\/#\/schema\/person\/335f2ad1ce51d3ab88517478d04fb7d7"},"headline":"Raiguer","datePublished":"2021-07-05T10:30:13+00:00","dateModified":"2021-07-14T11:53:16+00:00","mainEntityOfPage":{"@id":"https:\/\/www.fincasmallorcacharme.com\/blog\/raiguer\/"},"wordCount":157,"commentCount":0,"publisher":{"@id":"https:\/\/www.fincasmallorcacharme.com\/blog\/en\/#organization"},"image":{"@id":"https:\/\/www.fincasmallorcacharme.com\/blog\/raiguer\/#primaryimage"},"thumbnailUrl":"https:\/\/www.fincasmallorcacharme.com\/blog\/wp-content\/uploads\/2019\/11\/mallorca-karte.png","articleSection":["Sin categorizar"],"inLanguage":"es","potentialAction":[{"@type":"CommentAction","name":"Comment","target":["https:\/\/www.fincasmallorcacharme.com\/blog\/raiguer\/#respond"]}]},{"@type":"WebPage","@id":"https:\/\/www.fincasmallorcacharme.com\/blog\/raiguer\/","url":"https:\/\/www.fincasmallorcacharme.com\/blog\/raiguer\/","name":"Raiguer - Blog Mallorca Charme","isPartOf":{"@id":"https:\/\/www.fincasmallorcacharme.com\/blog\/en\/#website"},"primaryImageOfPage":{"@id":"https:\/\/www.fincasmallorcacharme.com\/blog\/raiguer\/#primaryimage"},"image":{"@id":"https:\/\/www.fincasmallorcacharme.com\/blog\/raiguer\/#primaryimage"},"thumbnailUrl":"https:\/\/www.fincasmallorcacharme.com\/blog\/wp-content\/uploads\/2019\/11\/mallorca-karte.png","datePublished":"2021-07-05T10:30:13+00:00","dateModified":"2021-07-14T11:53:16+00:00","inLanguage":"es","potentialAction":[{"@type":"ReadAction","target":["https:\/\/www.fincasmallorcacharme.com\/blog\/raiguer\/"]}]},{"@type":"ImageObject","inLanguage":"es","@id":"https:\/\/www.fincasmallorcacharme.com\/blog\/raiguer\/#primaryimage","url":"https:\/\/www.fincasmallorcacharme.com\/blog\/wp-content\/uploads\/2019\/11\/mallorca-karte.png","contentUrl":"https:\/\/www.fincasmallorcacharme.com\/blog\/wp-content\/uploads\/2019\/11\/mallorca-karte.png","width":686,"height":487,"caption":"mallorca karte"},{"@type":"WebSite","@id":"https:\/\/www.fincasmallorcacharme.com\/blog\/en\/#website","url":"https:\/\/www.fincasmallorcacharme.com\/blog\/en\/","name":"Blog Mallorca Charme","description":"Fincasmallorcacharme Blog","publisher":{"@id":"https:\/\/www.fincasmallorcacharme.com\/blog\/en\/#organization"},"potentialAction":[{"@type":"SearchAction","target":{"@type":"EntryPoint","urlTemplate":"https:\/\/www.fincasmallorcacharme.com\/blog\/en\/?s={search_term_string}"},"query-input":{"@type":"PropertyValueSpecification","valueRequired":true,"valueName":"search_term_string"}}],"inLanguage":"es"},{"@type":"Organization","@id":"https:\/\/www.fincasmallorcacharme.com\/blog\/en\/#organization","name":"Blog Mallorca Charme","url":"https:\/\/www.fincasmallorcacharme.com\/blog\/en\/","logo":{"@type":"ImageObject","inLanguage":"es","@id":"https:\/\/www.fincasmallorcacharme.com\/blog\/en\/#\/schema\/logo\/image\/","url":"https:\/\/www.fincasmallorcacharme.com\/blog\/wp-content\/uploads\/2020\/02\/cropped-headerrrrr-1.png","contentUrl":"https:\/\/www.fincasmallorcacharme.com\/blog\/wp-content\/uploads\/2020\/02\/cropped-headerrrrr-1.png","width":1250,"height":250,"caption":"Blog Mallorca Charme"},"image":{"@id":"https:\/\/www.fincasmallorcacharme.com\/blog\/en\/#\/schema\/logo\/image\/"}},{"@type":"Person","@id":"https:\/\/www.fincasmallorcacharme.com\/blog\/en\/#\/schema\/person\/335f2ad1ce51d3ab88517478d04fb7d7","name":"mallorcacharme","url":"https:\/\/www.fincasmallorcacharme.com\/blog\/author\/mallorcacharme\/"}]}},"amp_enabled":true,"_links":{"self":[{"href":"https:\/\/www.fincasmallorcacharme.com\/blog\/wp-json\/wp\/v2\/posts\/2834","targetHints":{"allow":["GET"]}}],"collection":[{"href":"https:\/\/www.fincasmallorcacharme.com\/blog\/wp-json\/wp\/v2\/posts"}],"about":[{"href":"https:\/\/www.fincasmallorcacharme.com\/blog\/wp-json\/wp\/v2\/types\/post"}],"author":[{"embeddable":true,"href":"https:\/\/www.fincasmallorcacharme.com\/blog\/wp-json\/wp\/v2\/users\/2"}],"replies":[{"embeddable":true,"href":"https:\/\/www.fincasmallorcacharme.com\/blog\/wp-json\/wp\/v2\/comments?post=2834"}],"version-history":[{"count":1,"href":"https:\/\/www.fincasmallorcacharme.com\/blog\/wp-json\/wp\/v2\/posts\/2834\/revisions"}],"predecessor-version":[{"id":2856,"href":"https:\/\/www.fincasmallorcacharme.com\/blog\/wp-json\/wp\/v2\/posts\/2834\/revisions\/2856"}],"wp:featuredmedia":[{"embeddable":true,"href":"https:\/\/www.fincasmallorcacharme.com\/blog\/wp-json\/wp\/v2\/media\/1289"}],"wp:attachment":[{"href":"https:\/\/www.fincasmallorcacharme.com\/blog\/wp-json\/wp\/v2\/media?parent=2834"}],"wp:term":[{"taxonomy":"category","embeddable":true,"href":"https:\/\/www.fincasmallorcacharme.com\/blog\/wp-json\/wp\/v2\/categories?post=2834"},{"taxonomy":"post_tag","embeddable":true,"href":"https:\/\/www.fincasmallorcacharme.com\/blog\/wp-json\/wp\/v2\/tags?post=2834"}],"curies":[{"name":"wp","href":"https:\/\/api.w.org\/{rel}","templated":true}]}}