{"id":4361,"date":"2025-09-18T11:13:31","date_gmt":"2025-09-18T11:13:31","guid":{"rendered":"https:\/\/www.fincasmallorcacharme.com\/blog\/?p=4361"},"modified":"2025-09-17T19:33:51","modified_gmt":"2025-09-17T19:33:51","slug":"unterkunft-mallorca-radfahrer","status":"publish","type":"post","link":"https:\/\/www.fincasmallorcacharme.com\/blog\/de\/unterkunft-mallorca-radfahrer\/","title":{"rendered":"Unterkunft auf Mallorca f\u00fcr Radsportliebhaber"},"content":{"rendered":"<p>Mallorca ist ein Paradies f\u00fcr Radfahrer aus aller Welt.<\/p>\n<p>&nbsp;<\/p>\n<p>Warum?<\/p>\n<p>&nbsp;<\/p>\n<p>Die Antwort ist einfach: K\u00fcstenstra\u00dfen, Bergp\u00e4sse und atemberaubende Landschaften.<\/p>\n<p>&nbsp;<\/p>\n<p>Doch um das Erlebnis auf zwei R\u00e4dern in vollen Z\u00fcgen zu geniessen, ist die Wahl der richtigen Unterkunft entscheidend.<\/p>\n<p>&nbsp;<\/p>\n<p>Hier erf\u00e4hrst du, wo du auf Mallorca \u00fcbernachten kannst, wenn du ein Radsportfan bist \u2013 mit Optionen, die auf Komfort, gute Lage und die besten Gebiete f\u00fcr t\u00e4gliche Touren ausgelegt sind.<\/p>\n<p>&nbsp;<\/p>\n<div id=\"toc_container\" class=\"no_bullets\"><p class=\"toc_title\">&Uuml;bersicht<\/p><ul class=\"toc_list\"><li><a href=\"#Mallorca_das_Radsportparadies_des_Mittelmeers\"><span class=\"toc_number toc_depth_1\">1<\/span> Mallorca, das Radsportparadies des Mittelmeers<\/a><\/li><li><a href=\"#Unverzichtbare_Routen_fuer_Radfahrer_auf_Mallorca\"><span class=\"toc_number toc_depth_1\">2<\/span> Unverzichtbare Routen f\u00fcr Radfahrer auf Mallorca<\/a><\/li><li><a href=\"#Warum_eine_Villa_als_Basis_ideal_ist\"><span class=\"toc_number toc_depth_1\">3<\/span> Warum eine Villa als Basis ideal ist<\/a><ul><li><a href=\"#Strategische_Lage_fuer_die_besten_Routen\"><span class=\"toc_number toc_depth_2\">3.1<\/span> Strategische Lage f\u00fcr die besten Routen<\/a><\/li><li><a href=\"#Komfort_und_Erholung_fuer_maximale_Leistung\"><span class=\"toc_number toc_depth_2\">3.2<\/span> Komfort und Erholung f\u00fcr maximale Leistung<\/a><\/li><\/ul><\/li><li><a href=\"#Erlebe_Mallorca_mit_dem_Rad_mit_Mallorca_Charme\"><span class=\"toc_number toc_depth_1\">4<\/span> Erlebe Mallorca mit dem Rad \u2013 mit Mallorca Charme<\/a><\/li><\/ul><\/div>\n<h2><span id=\"Mallorca_das_Radsportparadies_des_Mittelmeers\"><span style=\"font-weight: 400;\">Mallorca, das Radsportparadies des Mittelmeers<\/span><\/span><\/h2>\n<p><img fetchpriority=\"high\" decoding=\"async\" class=\"size-large wp-image-4346\" src=\"https:\/\/www.fincasmallorcacharme.com\/blog\/wp-content\/uploads\/2025\/09\/ciclismo-mallorca-01-1024x684.jpg\" alt=\"\" width=\"800\" height=\"534\" srcset=\"https:\/\/www.fincasmallorcacharme.com\/blog\/wp-content\/uploads\/2025\/09\/ciclismo-mallorca-01-1024x684.jpg 1024w, https:\/\/www.fincasmallorcacharme.com\/blog\/wp-content\/uploads\/2025\/09\/ciclismo-mallorca-01-300x200.jpg 300w, https:\/\/www.fincasmallorcacharme.com\/blog\/wp-content\/uploads\/2025\/09\/ciclismo-mallorca-01-768x513.jpg 768w, https:\/\/www.fincasmallorcacharme.com\/blog\/wp-content\/uploads\/2025\/09\/ciclismo-mallorca-01.jpg 1400w\" sizes=\"(max-width: 800px) 100vw, 800px\" \/><\/p>\n<p>Mallorca hat sich einen festen Platz im Herzen der Radfahrer weltweit erobert.<\/p>\n<p>Egal, ob du hart trainieren, dich auf die Saison vorbereiten oder einfach mit Freunden fahren m\u00f6chtest: Hier gibt es Stra\u00dfen f\u00fcr jeden Geschmack \u2013 von P\u00e4ssen bis zu flachen Abschnitten f\u00fcr Gruppenausfahrten.<\/p>\n<p>Die Insel kombiniert ein fast ganzj\u00e4hrig perfektes Klima mit einem gut gepflegten Stra\u00dfennetz, das jede Ausfahrt lohnenswert macht.<\/p>\n<p>Und es geht nicht nur um Routen; es geht auch um die Atmosph\u00e4re. \u00dcberall siehst du Radfahrer, Profiteams beim Wintertraining und Caf\u00e9s, die genau wissen, was du nach einer langen Tour brauchst: einen guten Kaffee und schnelle Energie.<\/p>\n<p>Hier wird Radsport anders gelebt, denn die Insel hat sich an die angepasst, die sie auf zwei R\u00e4dern erkunden.<\/p>\n<p>&nbsp;<\/p>\n<h2><span id=\"Unverzichtbare_Routen_fuer_Radfahrer_auf_Mallorca\"><span style=\"font-weight: 400;\">Unverzichtbare Routen f\u00fcr Radfahrer auf Mallorca<\/span><\/span><\/h2>\n<p><img decoding=\"async\" class=\"aligncenter size-large wp-image-4349\" src=\"https:\/\/www.fincasmallorcacharme.com\/blog\/wp-content\/uploads\/2025\/09\/ciclismo-mallorca-02-1024x682.jpg\" alt=\"\" width=\"800\" height=\"533\" srcset=\"https:\/\/www.fincasmallorcacharme.com\/blog\/wp-content\/uploads\/2025\/09\/ciclismo-mallorca-02-1024x682.jpg 1024w, https:\/\/www.fincasmallorcacharme.com\/blog\/wp-content\/uploads\/2025\/09\/ciclismo-mallorca-02-300x200.jpg 300w, https:\/\/www.fincasmallorcacharme.com\/blog\/wp-content\/uploads\/2025\/09\/ciclismo-mallorca-02-768x512.jpg 768w, https:\/\/www.fincasmallorcacharme.com\/blog\/wp-content\/uploads\/2025\/09\/ciclismo-mallorca-02.jpg 1400w\" sizes=\"(max-width: 800px) 100vw, 800px\" \/><\/p>\n<p>\u00dcber Radsport auf Mallorca zu sprechen, bedeutet, von <strong>Sa Calobra<\/strong> zu sprechen \u2013 eine der spektakul\u00e4rsten Stra\u00dfen Europas.<\/p>\n<p>Ber\u00fchmt f\u00fcr ihre Kurven und H\u00f6henmeter, ein Traumziel f\u00fcr jeden Radfan. Auch die Abfahrt erfordert Technik und Konzentration \u2013 ein Erlebnis, das bleibt.<\/p>\n<p>Ein weiterer Klassiker ist der <strong>Puig Major<\/strong>, der h\u00f6chste Pass der Insel. Der Aufstieg ist anstrengend, aber das Gef\u00fchl, es geschafft zu haben, ist unbezahlbar.<\/p>\n<p>F\u00fcr leichtere Touren eignen sich die Stra\u00dfen durch das <strong>Pla de Mallorca<\/strong>, wo man durch D\u00f6rfer f\u00e4hrt und eine andere, l\u00e4ndliche Seite der Insel erlebt.<\/p>\n<p>Und nicht zu vergessen: <strong>Cap de Formentor<\/strong>, eine Route, die Herausforderung und Sch\u00f6nheit verbindet. Der Weg zum Leuchtturm bietet Anstiege, Abfahrten und Ausblicke, die die M\u00fche lohnenswert machen.<\/p>\n<p>&nbsp;<\/p>\n<h2><span id=\"Warum_eine_Villa_als_Basis_ideal_ist\"><span style=\"font-weight: 400;\">Warum eine Villa als Basis ideal ist<\/span><\/span><\/h2>\n<p>Wenn du mit dem Rad nach Mallorca kommst, ist deine Unterkunft mehr als nur ein Schlafplatz.<\/p>\n<p>Sie wird zur Basis f\u00fcr Erholung und Vorbereitung \u2013 zum Ort, an dem du dein Rad sicher abstellst, Kraft tankst und die n\u00e4chste Tour planst. Deshalb bietet eine Villa enorme Vorteile gegen\u00fcber Hotels oder kleinen Apartments.<\/p>\n<p>In einer Finca wie <a href=\"https:\/\/www.fincasmallorcacharme.com\/de\/vermietung\/finca-llubi-047-finca-son-barraquer-etv-5204-by-mallorca-charm-219215.html\">Son Barraquer in Llub\u00ed<\/a> findest du den Platz, den Radfahrer brauchen: sicheren Abstellraum, gro\u00dfz\u00fcgige Fl\u00e4chen zum Dehnen oder Planen und die Ruhe eines entspannten Umfelds.<\/p>\n<p>Eine eigene K\u00fcche bedeutet volle Freiheit: Kohlenhydratreiches Fr\u00fchst\u00fcck, schnelle Mahlzeiten nach der Tour \u2013 unabh\u00e4ngig von Restaurantzeiten.<\/p>\n<p>&nbsp;<\/p>\n<h3><span id=\"Strategische_Lage_fuer_die_besten_Routen\"><span style=\"font-weight: 400;\">Strategische Lage f\u00fcr die besten Routen<\/span><\/span><\/h3>\n<p>Eine Finca im Inselzentrum, wie in Llub\u00ed, ist der perfekte Ausgangspunkt f\u00fcr alle Strecken.<\/p>\n<p>Du bist nah am Pla de Mallorca f\u00fcr Flachtraining und gleichzeitig gut angebunden an die Serra de Tramuntana mit ihren legend\u00e4ren P\u00e4ssen.<\/p>\n<p>Dieses Gleichgewicht bietet Abwechslung: ein Tag flach durchs Land, am n\u00e4chsten Sa Calobra oder Puig Major. Keine langen Transfers \u2013 einfach aus dem Haus und losfahren.<\/p>\n<p>Ein Ort wie Llub\u00ed hat zudem alles N\u00f6tige: Superm\u00e4rkte, Caf\u00e9s f\u00fcr Pausen und den Zugang zu weniger befahrenen Nebenstra\u00dfen \u2013 f\u00fcr Sicherheit und mehr Fahrspa\u00df.<\/p>\n<p>&nbsp;<\/p>\n<h3><span id=\"Komfort_und_Erholung_fuer_maximale_Leistung\"><span style=\"font-weight: 400;\">Komfort und Erholung f\u00fcr maximale Leistung<\/span><\/span><\/h3>\n<p>Training ist nur die halbe Geschichte \u2013 die andere H\u00e4lfte ist Erholung.<\/p>\n<p>Hier macht der Komfort einer Villa den Unterschied.<\/p>\n<p>Ger\u00e4umige Zimmer, ein Wohnzimmer zum Entspannen und ein Pool zur Lockerung nach der Tour \u2013 mehr wert, als man denkt.<\/p>\n<p>Guter Schlaf und flexible Mahlzeiten wirken sich direkt auf die Leistung aus. Komfortable Unterk\u00fcnfte bedeuten mehr Energie und weniger Stress.<\/p>\n<p>Und in der Gruppe? Umso besser: Jeder hat Platz, und das sorgt f\u00fcr gute Stimmung w\u00e4hrend des gesamten Aufenthalts.<\/p>\n<p>&nbsp;<\/p>\n<h2><span id=\"Erlebe_Mallorca_mit_dem_Rad_mit_Mallorca_Charme\"><span style=\"font-weight: 400;\">Erlebe Mallorca mit dem Rad \u2013 mit Mallorca Charme<\/span><\/span><\/h2>\n<p>Die Wahl der Unterkunft kann den Unterschied machen \u2013 zwischen einer guten und einer unvergesslichen Radsportreise.<\/p>\n<p>Eine Villa wie Son Barraquer in Llub\u00ed bietet dir den Raum, die Lage und den Komfort, die du f\u00fcr jede Etappe brauchst.<\/p>\n<p>Wenn du deine n\u00e4chste Radreise planst, z\u00f6gere nicht: Investiere in die richtige Unterkunft \u2013 sie wird dein t\u00e4glicher Startpunkt.<\/p>\n<p>Ein gut gew\u00e4hltes Zuhause verst\u00e4rkt das Erlebnis und macht jede Tour noch wertvoller.<\/p>\n<p>Bereit f\u00fcr den n\u00e4chsten Schritt?<\/p>\n<p><a href=\"https:\/\/www.fincasmallorcacharme.com\/de\/kontakt\/\">Kontaktiere uns<\/a> und organisiere deine Radsportreise mit der perfekten Unterkunft.<\/p>\n<p>&nbsp;<\/p>\n","protected":false},"excerpt":{"rendered":"<p>Mallorca ist ein Paradies f\u00fcr Radfahrer aus aller Welt. &nbsp; Warum? &nbsp; Die Antwort ist einfach: K\u00fcstenstra\u00dfen, Bergp\u00e4sse und atemberaubende Landschaften. &nbsp; Doch um das Erlebnis auf zwei R\u00e4dern in vollen Z\u00fcgen zu geniessen, ist die Wahl der richtigen Unterkunft entscheidend. &nbsp; Hier erf\u00e4hrst du, wo du auf Mallorca \u00fcbernachten kannst, wenn du ein Radsportfan&#8230;<\/p>\n","protected":false},"author":2,"featured_media":4354,"comment_status":"closed","ping_status":"closed","sticky":false,"template":"","format":"standard","meta":{"ngg_post_thumbnail":0,"footnotes":""},"categories":[84],"tags":[],"class_list":["post-4361","post","type-post","status-publish","format-standard","has-post-thumbnail","hentry","category-mallorca-de"],"yoast_head":"<!-- This site is optimized with the Yoast SEO plugin v26.2 - https:\/\/yoast.com\/wordpress\/plugins\/seo\/ -->\n<title>Unterkunft auf Mallorca f\u00fcr Radfahrer - Blog Mallorca Charme<\/title>\n<meta name=\"description\" content=\"Entdecke die besten Unterk\u00fcnfte auf Mallorca f\u00fcr Radfahrer. Villen mit idealer Lage, Komfort und Zugang zu Top-Routen.\" \/>\n<meta name=\"robots\" content=\"index, follow, max-snippet:-1, max-image-preview:large, max-video-preview:-1\" \/>\n<link rel=\"canonical\" href=\"https:\/\/www.fincasmallorcacharme.com\/blog\/alojamiento-mallorca-ciclistas\/\" \/>\n<meta property=\"og:locale\" content=\"de_DE\" \/>\n<meta property=\"og:type\" content=\"article\" \/>\n<meta property=\"og:title\" content=\"Unterkunft auf Mallorca f\u00fcr Radfahrer - Blog Mallorca Charme\" \/>\n<meta property=\"og:description\" content=\"Entdecke die besten Unterk\u00fcnfte auf Mallorca f\u00fcr Radfahrer. Villen mit idealer Lage, Komfort und Zugang zu Top-Routen.\" \/>\n<meta property=\"og:url\" content=\"https:\/\/www.fincasmallorcacharme.com\/blog\/alojamiento-mallorca-ciclistas\/\" \/>\n<meta property=\"og:site_name\" content=\"Blog Mallorca Charme\" \/>\n<meta property=\"article:published_time\" content=\"2025-09-18T11:13:31+00:00\" \/>\n<meta property=\"og:image\" content=\"https:\/\/www.fincasmallorcacharme.com\/blog\/wp-content\/uploads\/2025\/09\/ciclismo-mallorca-03.jpg\" \/>\n\t<meta property=\"og:image:width\" content=\"1300\" \/>\n\t<meta property=\"og:image:height\" content=\"867\" \/>\n\t<meta property=\"og:image:type\" content=\"image\/jpeg\" \/>\n<meta name=\"author\" content=\"mallorcacharme\" \/>\n<meta name=\"twitter:card\" content=\"summary_large_image\" \/>\n<meta name=\"twitter:label1\" content=\"Verfasst von\" \/>\n\t<meta name=\"twitter:data1\" content=\"mallorcacharme\" \/>\n\t<meta name=\"twitter:label2\" content=\"Gesch\u00e4tzte Lesezeit\" \/>\n\t<meta name=\"twitter:data2\" content=\"4\u00a0Minuten\" \/>\n<script type=\"application\/ld+json\" class=\"yoast-schema-graph\">{\"@context\":\"https:\/\/schema.org\",\"@graph\":[{\"@type\":\"Article\",\"@id\":\"https:\/\/www.fincasmallorcacharme.com\/blog\/alojamiento-mallorca-ciclistas\/#article\",\"isPartOf\":{\"@id\":\"https:\/\/www.fincasmallorcacharme.com\/blog\/alojamiento-mallorca-ciclistas\/\"},\"author\":{\"name\":\"mallorcacharme\",\"@id\":\"https:\/\/www.fincasmallorcacharme.com\/blog\/en\/#\/schema\/person\/335f2ad1ce51d3ab88517478d04fb7d7\"},\"headline\":\"Unterkunft auf Mallorca f\u00fcr Radsportliebhaber\",\"datePublished\":\"2025-09-18T11:13:31+00:00\",\"mainEntityOfPage\":{\"@id\":\"https:\/\/www.fincasmallorcacharme.com\/blog\/alojamiento-mallorca-ciclistas\/\"},\"wordCount\":770,\"publisher\":{\"@id\":\"https:\/\/www.fincasmallorcacharme.com\/blog\/en\/#organization\"},\"image\":{\"@id\":\"https:\/\/www.fincasmallorcacharme.com\/blog\/alojamiento-mallorca-ciclistas\/#primaryimage\"},\"thumbnailUrl\":\"https:\/\/www.fincasmallorcacharme.com\/blog\/wp-content\/uploads\/2025\/09\/ciclismo-mallorca-03.jpg\",\"articleSection\":[\"Mallorca DE\"],\"inLanguage\":\"de\"},{\"@type\":\"WebPage\",\"@id\":\"https:\/\/www.fincasmallorcacharme.com\/blog\/alojamiento-mallorca-ciclistas\/\",\"url\":\"https:\/\/www.fincasmallorcacharme.com\/blog\/alojamiento-mallorca-ciclistas\/\",\"name\":\"Unterkunft auf Mallorca f\u00fcr Radfahrer - Blog Mallorca Charme\",\"isPartOf\":{\"@id\":\"https:\/\/www.fincasmallorcacharme.com\/blog\/en\/#website\"},\"primaryImageOfPage\":{\"@id\":\"https:\/\/www.fincasmallorcacharme.com\/blog\/alojamiento-mallorca-ciclistas\/#primaryimage\"},\"image\":{\"@id\":\"https:\/\/www.fincasmallorcacharme.com\/blog\/alojamiento-mallorca-ciclistas\/#primaryimage\"},\"thumbnailUrl\":\"https:\/\/www.fincasmallorcacharme.com\/blog\/wp-content\/uploads\/2025\/09\/ciclismo-mallorca-03.jpg\",\"datePublished\":\"2025-09-18T11:13:31+00:00\",\"description\":\"Entdecke die besten Unterk\u00fcnfte auf Mallorca f\u00fcr Radfahrer. Villen mit idealer Lage, Komfort und Zugang zu Top-Routen.\",\"inLanguage\":\"de\",\"potentialAction\":[{\"@type\":\"ReadAction\",\"target\":[\"https:\/\/www.fincasmallorcacharme.com\/blog\/alojamiento-mallorca-ciclistas\/\"]}]},{\"@type\":\"ImageObject\",\"inLanguage\":\"de\",\"@id\":\"https:\/\/www.fincasmallorcacharme.com\/blog\/alojamiento-mallorca-ciclistas\/#primaryimage\",\"url\":\"https:\/\/www.fincasmallorcacharme.com\/blog\/wp-content\/uploads\/2025\/09\/ciclismo-mallorca-03.jpg\",\"contentUrl\":\"https:\/\/www.fincasmallorcacharme.com\/blog\/wp-content\/uploads\/2025\/09\/ciclismo-mallorca-03.jpg\",\"width\":1300,\"height\":867},{\"@type\":\"WebSite\",\"@id\":\"https:\/\/www.fincasmallorcacharme.com\/blog\/en\/#website\",\"url\":\"https:\/\/www.fincasmallorcacharme.com\/blog\/en\/\",\"name\":\"Blog Mallorca Charme\",\"description\":\"Fincasmallorcacharme Blog\",\"publisher\":{\"@id\":\"https:\/\/www.fincasmallorcacharme.com\/blog\/en\/#organization\"},\"potentialAction\":[{\"@type\":\"SearchAction\",\"target\":{\"@type\":\"EntryPoint\",\"urlTemplate\":\"https:\/\/www.fincasmallorcacharme.com\/blog\/en\/?s={search_term_string}\"},\"query-input\":{\"@type\":\"PropertyValueSpecification\",\"valueRequired\":true,\"valueName\":\"search_term_string\"}}],\"inLanguage\":\"de\"},{\"@type\":\"Organization\",\"@id\":\"https:\/\/www.fincasmallorcacharme.com\/blog\/en\/#organization\",\"name\":\"Blog Mallorca Charme\",\"url\":\"https:\/\/www.fincasmallorcacharme.com\/blog\/en\/\",\"logo\":{\"@type\":\"ImageObject\",\"inLanguage\":\"de\",\"@id\":\"https:\/\/www.fincasmallorcacharme.com\/blog\/en\/#\/schema\/logo\/image\/\",\"url\":\"https:\/\/www.fincasmallorcacharme.com\/blog\/wp-content\/uploads\/2020\/02\/cropped-headerrrrr-1.png\",\"contentUrl\":\"https:\/\/www.fincasmallorcacharme.com\/blog\/wp-content\/uploads\/2020\/02\/cropped-headerrrrr-1.png\",\"width\":1250,\"height\":250,\"caption\":\"Blog Mallorca Charme\"},\"image\":{\"@id\":\"https:\/\/www.fincasmallorcacharme.com\/blog\/en\/#\/schema\/logo\/image\/\"}},{\"@type\":\"Person\",\"@id\":\"https:\/\/www.fincasmallorcacharme.com\/blog\/en\/#\/schema\/person\/335f2ad1ce51d3ab88517478d04fb7d7\",\"name\":\"mallorcacharme\",\"url\":\"https:\/\/www.fincasmallorcacharme.com\/blog\/de\/author\/mallorcacharme\/\"}]}<\/script>\n<!-- \/ Yoast SEO plugin. -->","yoast_head_json":{"title":"Unterkunft auf Mallorca f\u00fcr Radfahrer - Blog Mallorca Charme","description":"Entdecke die besten Unterk\u00fcnfte auf Mallorca f\u00fcr Radfahrer. Villen mit idealer Lage, Komfort und Zugang zu Top-Routen.","robots":{"index":"index","follow":"follow","max-snippet":"max-snippet:-1","max-image-preview":"max-image-preview:large","max-video-preview":"max-video-preview:-1"},"canonical":"https:\/\/www.fincasmallorcacharme.com\/blog\/alojamiento-mallorca-ciclistas\/","og_locale":"de_DE","og_type":"article","og_title":"Unterkunft auf Mallorca f\u00fcr Radfahrer - Blog Mallorca Charme","og_description":"Entdecke die besten Unterk\u00fcnfte auf Mallorca f\u00fcr Radfahrer. Villen mit idealer Lage, Komfort und Zugang zu Top-Routen.","og_url":"https:\/\/www.fincasmallorcacharme.com\/blog\/alojamiento-mallorca-ciclistas\/","og_site_name":"Blog Mallorca Charme","article_published_time":"2025-09-18T11:13:31+00:00","og_image":[{"width":1300,"height":867,"url":"https:\/\/www.fincasmallorcacharme.com\/blog\/wp-content\/uploads\/2025\/09\/ciclismo-mallorca-03.jpg","type":"image\/jpeg"}],"author":"mallorcacharme","twitter_card":"summary_large_image","twitter_misc":{"Verfasst von":"mallorcacharme","Gesch\u00e4tzte Lesezeit":"4\u00a0Minuten"},"schema":{"@context":"https:\/\/schema.org","@graph":[{"@type":"Article","@id":"https:\/\/www.fincasmallorcacharme.com\/blog\/alojamiento-mallorca-ciclistas\/#article","isPartOf":{"@id":"https:\/\/www.fincasmallorcacharme.com\/blog\/alojamiento-mallorca-ciclistas\/"},"author":{"name":"mallorcacharme","@id":"https:\/\/www.fincasmallorcacharme.com\/blog\/en\/#\/schema\/person\/335f2ad1ce51d3ab88517478d04fb7d7"},"headline":"Unterkunft auf Mallorca f\u00fcr Radsportliebhaber","datePublished":"2025-09-18T11:13:31+00:00","mainEntityOfPage":{"@id":"https:\/\/www.fincasmallorcacharme.com\/blog\/alojamiento-mallorca-ciclistas\/"},"wordCount":770,"publisher":{"@id":"https:\/\/www.fincasmallorcacharme.com\/blog\/en\/#organization"},"image":{"@id":"https:\/\/www.fincasmallorcacharme.com\/blog\/alojamiento-mallorca-ciclistas\/#primaryimage"},"thumbnailUrl":"https:\/\/www.fincasmallorcacharme.com\/blog\/wp-content\/uploads\/2025\/09\/ciclismo-mallorca-03.jpg","articleSection":["Mallorca DE"],"inLanguage":"de"},{"@type":"WebPage","@id":"https:\/\/www.fincasmallorcacharme.com\/blog\/alojamiento-mallorca-ciclistas\/","url":"https:\/\/www.fincasmallorcacharme.com\/blog\/alojamiento-mallorca-ciclistas\/","name":"Unterkunft auf Mallorca f\u00fcr Radfahrer - Blog Mallorca Charme","isPartOf":{"@id":"https:\/\/www.fincasmallorcacharme.com\/blog\/en\/#website"},"primaryImageOfPage":{"@id":"https:\/\/www.fincasmallorcacharme.com\/blog\/alojamiento-mallorca-ciclistas\/#primaryimage"},"image":{"@id":"https:\/\/www.fincasmallorcacharme.com\/blog\/alojamiento-mallorca-ciclistas\/#primaryimage"},"thumbnailUrl":"https:\/\/www.fincasmallorcacharme.com\/blog\/wp-content\/uploads\/2025\/09\/ciclismo-mallorca-03.jpg","datePublished":"2025-09-18T11:13:31+00:00","description":"Entdecke die besten Unterk\u00fcnfte auf Mallorca f\u00fcr Radfahrer. Villen mit idealer Lage, Komfort und Zugang zu Top-Routen.","inLanguage":"de","potentialAction":[{"@type":"ReadAction","target":["https:\/\/www.fincasmallorcacharme.com\/blog\/alojamiento-mallorca-ciclistas\/"]}]},{"@type":"ImageObject","inLanguage":"de","@id":"https:\/\/www.fincasmallorcacharme.com\/blog\/alojamiento-mallorca-ciclistas\/#primaryimage","url":"https:\/\/www.fincasmallorcacharme.com\/blog\/wp-content\/uploads\/2025\/09\/ciclismo-mallorca-03.jpg","contentUrl":"https:\/\/www.fincasmallorcacharme.com\/blog\/wp-content\/uploads\/2025\/09\/ciclismo-mallorca-03.jpg","width":1300,"height":867},{"@type":"WebSite","@id":"https:\/\/www.fincasmallorcacharme.com\/blog\/en\/#website","url":"https:\/\/www.fincasmallorcacharme.com\/blog\/en\/","name":"Blog Mallorca Charme","description":"Fincasmallorcacharme Blog","publisher":{"@id":"https:\/\/www.fincasmallorcacharme.com\/blog\/en\/#organization"},"potentialAction":[{"@type":"SearchAction","target":{"@type":"EntryPoint","urlTemplate":"https:\/\/www.fincasmallorcacharme.com\/blog\/en\/?s={search_term_string}"},"query-input":{"@type":"PropertyValueSpecification","valueRequired":true,"valueName":"search_term_string"}}],"inLanguage":"de"},{"@type":"Organization","@id":"https:\/\/www.fincasmallorcacharme.com\/blog\/en\/#organization","name":"Blog Mallorca Charme","url":"https:\/\/www.fincasmallorcacharme.com\/blog\/en\/","logo":{"@type":"ImageObject","inLanguage":"de","@id":"https:\/\/www.fincasmallorcacharme.com\/blog\/en\/#\/schema\/logo\/image\/","url":"https:\/\/www.fincasmallorcacharme.com\/blog\/wp-content\/uploads\/2020\/02\/cropped-headerrrrr-1.png","contentUrl":"https:\/\/www.fincasmallorcacharme.com\/blog\/wp-content\/uploads\/2020\/02\/cropped-headerrrrr-1.png","width":1250,"height":250,"caption":"Blog Mallorca Charme"},"image":{"@id":"https:\/\/www.fincasmallorcacharme.com\/blog\/en\/#\/schema\/logo\/image\/"}},{"@type":"Person","@id":"https:\/\/www.fincasmallorcacharme.com\/blog\/en\/#\/schema\/person\/335f2ad1ce51d3ab88517478d04fb7d7","name":"mallorcacharme","url":"https:\/\/www.fincasmallorcacharme.com\/blog\/de\/author\/mallorcacharme\/"}]}},"amp_enabled":true,"_links":{"self":[{"href":"https:\/\/www.fincasmallorcacharme.com\/blog\/de\/wp-json\/wp\/v2\/posts\/4361","targetHints":{"allow":["GET"]}}],"collection":[{"href":"https:\/\/www.fincasmallorcacharme.com\/blog\/de\/wp-json\/wp\/v2\/posts"}],"about":[{"href":"https:\/\/www.fincasmallorcacharme.com\/blog\/de\/wp-json\/wp\/v2\/types\/post"}],"author":[{"embeddable":true,"href":"https:\/\/www.fincasmallorcacharme.com\/blog\/de\/wp-json\/wp\/v2\/users\/2"}],"replies":[{"embeddable":true,"href":"https:\/\/www.fincasmallorcacharme.com\/blog\/de\/wp-json\/wp\/v2\/comments?post=4361"}],"version-history":[{"count":2,"href":"https:\/\/www.fincasmallorcacharme.com\/blog\/de\/wp-json\/wp\/v2\/posts\/4361\/revisions"}],"predecessor-version":[{"id":4363,"href":"https:\/\/www.fincasmallorcacharme.com\/blog\/de\/wp-json\/wp\/v2\/posts\/4361\/revisions\/4363"}],"wp:featuredmedia":[{"embeddable":true,"href":"https:\/\/www.fincasmallorcacharme.com\/blog\/de\/wp-json\/wp\/v2\/media\/4354"}],"wp:attachment":[{"href":"https:\/\/www.fincasmallorcacharme.com\/blog\/de\/wp-json\/wp\/v2\/media?parent=4361"}],"wp:term":[{"taxonomy":"category","embeddable":true,"href":"https:\/\/www.fincasmallorcacharme.com\/blog\/de\/wp-json\/wp\/v2\/categories?post=4361"},{"taxonomy":"post_tag","embeddable":true,"href":"https:\/\/www.fincasmallorcacharme.com\/blog\/de\/wp-json\/wp\/v2\/tags?post=4361"}],"curies":[{"name":"wp","href":"https:\/\/api.w.org\/{rel}","templated":true}]}}