{"id":256,"date":"2017-12-29T11:11:25","date_gmt":"2017-12-29T11:11:25","guid":{"rendered":"http:\/\/www.fincasmallorcacharme.com\/blog\/?p=256"},"modified":"2018-03-12T12:11:05","modified_gmt":"2018-03-12T12:11:05","slug":"raiguer","status":"publish","type":"post","link":"https:\/\/www.fincasmallorcacharme.com\/blog\/de\/raiguer\/","title":{"rendered":"Raiguer"},"content":{"rendered":"<h1 class=\"text-primary\">Raiguer<\/h1>\n<p>An die\u00a0<em>Serra de Tramuntana<\/em>\u00a0angrenzend liegt am S\u00fcdostabhang der Gebirgskette zwischen der Halbinsel\u00a0<em>La Victoria<\/em>\u00a0und der st\u00e4dtischen Region der Hauptstadt Palma die Region\u00a0<em><a title=\"Raiguer\" href=\"https:\/\/de.wikipedia.org\/wiki\/Raiguer\" target=\"_blank\" rel=\"noopener\">Es Raiguer<\/a><\/em>. Sie ist eine \u00dcbergangszone vom Gebirge zur Ebene\u00a0<em><a title=\"Es Pl\u00e0\" href=\"https:\/\/de.wikipedia.org\/wiki\/Es_Pl%C3%A0\" target=\"_blank\" rel=\"noopener\">Es Pl\u00e0<\/a><\/em>\u00a0in der Mitte Mallorcas. Hier gibt es reichlich Wasser, aber wenig flaches, kultivierbares Gel\u00e4nde.<br \/>\nDie Region des\u00a0<em>Raiguer<\/em>\u00a0und im Besonderen die Stadt\u00a0<a title=\"Inca\" href=\"https:\/\/de.wikipedia.org\/wiki\/Inca\" target=\"_blank\" rel=\"noopener\">Inca<\/a>\u00a0sind als Zentrum des Schuh- und Lederhandwerks auf Mallorca bekannt. In der Region leben 123.046 Bewohner (Stand:\u00a02007) und sie hat mit Inca auch eine Art Zentrum, wenngleich die Gemeinde\u00a0<a title=\"Marratxi\" href=\"https:\/\/de.wikipedia.org\/wiki\/Marratxi\" target=\"_blank\" rel=\"noopener\">Marratxi<\/a>\u00a0als Vorort von Palma etwas mehr Einwohner z\u00e4hlt. Drittgr\u00f6\u00dfte Gemeinde ist die Stadt\u00a0<a title=\"Alc\u00fadia\" href=\"https:\/\/de.wikipedia.org\/wiki\/Alc%C3%BAdia\" target=\"_blank\" rel=\"noopener\">Alc\u00fadia<\/a>\u00a0an der nach ihr benannten Bucht an der Nordk\u00fcste.<\/p>\n<p><a href=\"http:\/\/de.wikipedia.org\/wiki\/Raiguer\" target=\"_blank\" rel=\"noopener\">Visit Website<\/a><\/p>\n","protected":false},"excerpt":{"rendered":"<p>Raiguer An die\u00a0Serra de Tramuntana\u00a0angrenzend liegt am S\u00fcdostabhang der Gebirgskette zwischen der Halbinsel\u00a0La Victoria\u00a0und der st\u00e4dtischen Region der Hauptstadt Palma die Region\u00a0Es Raiguer. Sie ist eine \u00dcbergangszone vom Gebirge zur Ebene\u00a0Es Pl\u00e0\u00a0in der Mitte Mallorcas. Hier gibt es reichlich Wasser, aber wenig flaches, kultivierbares Gel\u00e4nde. Die Region des\u00a0Raiguer\u00a0und im Besonderen die Stadt\u00a0Inca\u00a0sind als Zentrum des&#8230;<\/p>\n","protected":false},"author":2,"featured_media":257,"comment_status":"open","ping_status":"closed","sticky":false,"template":"","format":"standard","meta":{"ngg_post_thumbnail":0,"footnotes":""},"categories":[2],"tags":[],"class_list":["post-256","post","type-post","status-publish","format-standard","has-post-thumbnail","hentry","category-orte"],"yoast_head":"<!-- This site is optimized with the Yoast SEO plugin v26.2 - https:\/\/yoast.com\/wordpress\/plugins\/seo\/ -->\n<title>Raiguer - Blog Mallorca Charme<\/title>\n<meta name=\"robots\" content=\"noindex, follow\" \/>\n<meta property=\"og:locale\" content=\"de_DE\" \/>\n<meta property=\"og:type\" content=\"article\" \/>\n<meta property=\"og:title\" content=\"Raiguer - Blog Mallorca Charme\" \/>\n<meta property=\"og:description\" content=\"Raiguer An die\u00a0Serra de Tramuntana\u00a0angrenzend liegt am S\u00fcdostabhang der Gebirgskette zwischen der Halbinsel\u00a0La Victoria\u00a0und der st\u00e4dtischen Region der Hauptstadt Palma die Region\u00a0Es Raiguer. Sie ist eine \u00dcbergangszone vom Gebirge zur Ebene\u00a0Es Pl\u00e0\u00a0in der Mitte Mallorcas. Hier gibt es reichlich Wasser, aber wenig flaches, kultivierbares Gel\u00e4nde. Die Region des\u00a0Raiguer\u00a0und im Besonderen die Stadt\u00a0Inca\u00a0sind als Zentrum des...\" \/>\n<meta property=\"og:url\" content=\"https:\/\/www.fincasmallorcacharme.com\/blog\/raiguer\/\" \/>\n<meta property=\"og:site_name\" content=\"Blog Mallorca Charme\" \/>\n<meta property=\"article:published_time\" content=\"2017-12-29T11:11:25+00:00\" \/>\n<meta property=\"article:modified_time\" content=\"2018-03-12T12:11:05+00:00\" \/>\n<meta property=\"og:image\" content=\"https:\/\/www.fincasmallorcacharme.com\/blog\/wp-content\/uploads\/2017\/12\/raiger.png\" \/>\n\t<meta property=\"og:image:width\" content=\"480\" \/>\n\t<meta property=\"og:image:height\" content=\"450\" \/>\n\t<meta property=\"og:image:type\" content=\"image\/png\" \/>\n<meta name=\"author\" content=\"mallorcacharme\" \/>\n<meta name=\"twitter:card\" content=\"summary_large_image\" \/>\n<meta name=\"twitter:label1\" content=\"Verfasst von\" \/>\n\t<meta name=\"twitter:data1\" content=\"mallorcacharme\" \/>\n\t<meta name=\"twitter:label2\" content=\"Gesch\u00e4tzte Lesezeit\" \/>\n\t<meta name=\"twitter:data2\" content=\"1\u00a0Minute\" \/>\n<script type=\"application\/ld+json\" class=\"yoast-schema-graph\">{\"@context\":\"https:\/\/schema.org\",\"@graph\":[{\"@type\":\"Article\",\"@id\":\"https:\/\/www.fincasmallorcacharme.com\/blog\/raiguer\/#article\",\"isPartOf\":{\"@id\":\"https:\/\/www.fincasmallorcacharme.com\/blog\/raiguer\/\"},\"author\":{\"name\":\"mallorcacharme\",\"@id\":\"https:\/\/www.fincasmallorcacharme.com\/blog\/en\/#\/schema\/person\/335f2ad1ce51d3ab88517478d04fb7d7\"},\"headline\":\"Raiguer\",\"datePublished\":\"2017-12-29T11:11:25+00:00\",\"dateModified\":\"2018-03-12T12:11:05+00:00\",\"mainEntityOfPage\":{\"@id\":\"https:\/\/www.fincasmallorcacharme.com\/blog\/raiguer\/\"},\"wordCount\":124,\"commentCount\":0,\"publisher\":{\"@id\":\"https:\/\/www.fincasmallorcacharme.com\/blog\/en\/#organization\"},\"image\":{\"@id\":\"https:\/\/www.fincasmallorcacharme.com\/blog\/raiguer\/#primaryimage\"},\"thumbnailUrl\":\"https:\/\/www.fincasmallorcacharme.com\/blog\/wp-content\/uploads\/2017\/12\/raiger.png\",\"articleSection\":[\"Orte\"],\"inLanguage\":\"de\",\"potentialAction\":[{\"@type\":\"CommentAction\",\"name\":\"Comment\",\"target\":[\"https:\/\/www.fincasmallorcacharme.com\/blog\/raiguer\/#respond\"]}]},{\"@type\":\"WebPage\",\"@id\":\"https:\/\/www.fincasmallorcacharme.com\/blog\/raiguer\/\",\"url\":\"https:\/\/www.fincasmallorcacharme.com\/blog\/raiguer\/\",\"name\":\"Raiguer - Blog Mallorca Charme\",\"isPartOf\":{\"@id\":\"https:\/\/www.fincasmallorcacharme.com\/blog\/en\/#website\"},\"primaryImageOfPage\":{\"@id\":\"https:\/\/www.fincasmallorcacharme.com\/blog\/raiguer\/#primaryimage\"},\"image\":{\"@id\":\"https:\/\/www.fincasmallorcacharme.com\/blog\/raiguer\/#primaryimage\"},\"thumbnailUrl\":\"https:\/\/www.fincasmallorcacharme.com\/blog\/wp-content\/uploads\/2017\/12\/raiger.png\",\"datePublished\":\"2017-12-29T11:11:25+00:00\",\"dateModified\":\"2018-03-12T12:11:05+00:00\",\"inLanguage\":\"de\",\"potentialAction\":[{\"@type\":\"ReadAction\",\"target\":[\"https:\/\/www.fincasmallorcacharme.com\/blog\/raiguer\/\"]}]},{\"@type\":\"ImageObject\",\"inLanguage\":\"de\",\"@id\":\"https:\/\/www.fincasmallorcacharme.com\/blog\/raiguer\/#primaryimage\",\"url\":\"https:\/\/www.fincasmallorcacharme.com\/blog\/wp-content\/uploads\/2017\/12\/raiger.png\",\"contentUrl\":\"https:\/\/www.fincasmallorcacharme.com\/blog\/wp-content\/uploads\/2017\/12\/raiger.png\",\"width\":480,\"height\":450},{\"@type\":\"WebSite\",\"@id\":\"https:\/\/www.fincasmallorcacharme.com\/blog\/en\/#website\",\"url\":\"https:\/\/www.fincasmallorcacharme.com\/blog\/en\/\",\"name\":\"Blog Mallorca Charme\",\"description\":\"Fincasmallorcacharme Blog\",\"publisher\":{\"@id\":\"https:\/\/www.fincasmallorcacharme.com\/blog\/en\/#organization\"},\"potentialAction\":[{\"@type\":\"SearchAction\",\"target\":{\"@type\":\"EntryPoint\",\"urlTemplate\":\"https:\/\/www.fincasmallorcacharme.com\/blog\/en\/?s={search_term_string}\"},\"query-input\":{\"@type\":\"PropertyValueSpecification\",\"valueRequired\":true,\"valueName\":\"search_term_string\"}}],\"inLanguage\":\"de\"},{\"@type\":\"Organization\",\"@id\":\"https:\/\/www.fincasmallorcacharme.com\/blog\/en\/#organization\",\"name\":\"Blog Mallorca Charme\",\"url\":\"https:\/\/www.fincasmallorcacharme.com\/blog\/en\/\",\"logo\":{\"@type\":\"ImageObject\",\"inLanguage\":\"de\",\"@id\":\"https:\/\/www.fincasmallorcacharme.com\/blog\/en\/#\/schema\/logo\/image\/\",\"url\":\"https:\/\/www.fincasmallorcacharme.com\/blog\/wp-content\/uploads\/2020\/02\/cropped-headerrrrr-1.png\",\"contentUrl\":\"https:\/\/www.fincasmallorcacharme.com\/blog\/wp-content\/uploads\/2020\/02\/cropped-headerrrrr-1.png\",\"width\":1250,\"height\":250,\"caption\":\"Blog Mallorca Charme\"},\"image\":{\"@id\":\"https:\/\/www.fincasmallorcacharme.com\/blog\/en\/#\/schema\/logo\/image\/\"}},{\"@type\":\"Person\",\"@id\":\"https:\/\/www.fincasmallorcacharme.com\/blog\/en\/#\/schema\/person\/335f2ad1ce51d3ab88517478d04fb7d7\",\"name\":\"mallorcacharme\",\"url\":\"https:\/\/www.fincasmallorcacharme.com\/blog\/de\/author\/mallorcacharme\/\"}]}<\/script>\n<!-- \/ Yoast SEO plugin. -->","yoast_head_json":{"title":"Raiguer - Blog Mallorca Charme","robots":{"index":"noindex","follow":"follow"},"og_locale":"de_DE","og_type":"article","og_title":"Raiguer - Blog Mallorca Charme","og_description":"Raiguer An die\u00a0Serra de Tramuntana\u00a0angrenzend liegt am S\u00fcdostabhang der Gebirgskette zwischen der Halbinsel\u00a0La Victoria\u00a0und der st\u00e4dtischen Region der Hauptstadt Palma die Region\u00a0Es Raiguer. Sie ist eine \u00dcbergangszone vom Gebirge zur Ebene\u00a0Es Pl\u00e0\u00a0in der Mitte Mallorcas. Hier gibt es reichlich Wasser, aber wenig flaches, kultivierbares Gel\u00e4nde. Die Region des\u00a0Raiguer\u00a0und im Besonderen die Stadt\u00a0Inca\u00a0sind als Zentrum des...","og_url":"https:\/\/www.fincasmallorcacharme.com\/blog\/raiguer\/","og_site_name":"Blog Mallorca Charme","article_published_time":"2017-12-29T11:11:25+00:00","article_modified_time":"2018-03-12T12:11:05+00:00","og_image":[{"width":480,"height":450,"url":"https:\/\/www.fincasmallorcacharme.com\/blog\/wp-content\/uploads\/2017\/12\/raiger.png","type":"image\/png"}],"author":"mallorcacharme","twitter_card":"summary_large_image","twitter_misc":{"Verfasst von":"mallorcacharme","Gesch\u00e4tzte Lesezeit":"1\u00a0Minute"},"schema":{"@context":"https:\/\/schema.org","@graph":[{"@type":"Article","@id":"https:\/\/www.fincasmallorcacharme.com\/blog\/raiguer\/#article","isPartOf":{"@id":"https:\/\/www.fincasmallorcacharme.com\/blog\/raiguer\/"},"author":{"name":"mallorcacharme","@id":"https:\/\/www.fincasmallorcacharme.com\/blog\/en\/#\/schema\/person\/335f2ad1ce51d3ab88517478d04fb7d7"},"headline":"Raiguer","datePublished":"2017-12-29T11:11:25+00:00","dateModified":"2018-03-12T12:11:05+00:00","mainEntityOfPage":{"@id":"https:\/\/www.fincasmallorcacharme.com\/blog\/raiguer\/"},"wordCount":124,"commentCount":0,"publisher":{"@id":"https:\/\/www.fincasmallorcacharme.com\/blog\/en\/#organization"},"image":{"@id":"https:\/\/www.fincasmallorcacharme.com\/blog\/raiguer\/#primaryimage"},"thumbnailUrl":"https:\/\/www.fincasmallorcacharme.com\/blog\/wp-content\/uploads\/2017\/12\/raiger.png","articleSection":["Orte"],"inLanguage":"de","potentialAction":[{"@type":"CommentAction","name":"Comment","target":["https:\/\/www.fincasmallorcacharme.com\/blog\/raiguer\/#respond"]}]},{"@type":"WebPage","@id":"https:\/\/www.fincasmallorcacharme.com\/blog\/raiguer\/","url":"https:\/\/www.fincasmallorcacharme.com\/blog\/raiguer\/","name":"Raiguer - Blog Mallorca Charme","isPartOf":{"@id":"https:\/\/www.fincasmallorcacharme.com\/blog\/en\/#website"},"primaryImageOfPage":{"@id":"https:\/\/www.fincasmallorcacharme.com\/blog\/raiguer\/#primaryimage"},"image":{"@id":"https:\/\/www.fincasmallorcacharme.com\/blog\/raiguer\/#primaryimage"},"thumbnailUrl":"https:\/\/www.fincasmallorcacharme.com\/blog\/wp-content\/uploads\/2017\/12\/raiger.png","datePublished":"2017-12-29T11:11:25+00:00","dateModified":"2018-03-12T12:11:05+00:00","inLanguage":"de","potentialAction":[{"@type":"ReadAction","target":["https:\/\/www.fincasmallorcacharme.com\/blog\/raiguer\/"]}]},{"@type":"ImageObject","inLanguage":"de","@id":"https:\/\/www.fincasmallorcacharme.com\/blog\/raiguer\/#primaryimage","url":"https:\/\/www.fincasmallorcacharme.com\/blog\/wp-content\/uploads\/2017\/12\/raiger.png","contentUrl":"https:\/\/www.fincasmallorcacharme.com\/blog\/wp-content\/uploads\/2017\/12\/raiger.png","width":480,"height":450},{"@type":"WebSite","@id":"https:\/\/www.fincasmallorcacharme.com\/blog\/en\/#website","url":"https:\/\/www.fincasmallorcacharme.com\/blog\/en\/","name":"Blog Mallorca Charme","description":"Fincasmallorcacharme Blog","publisher":{"@id":"https:\/\/www.fincasmallorcacharme.com\/blog\/en\/#organization"},"potentialAction":[{"@type":"SearchAction","target":{"@type":"EntryPoint","urlTemplate":"https:\/\/www.fincasmallorcacharme.com\/blog\/en\/?s={search_term_string}"},"query-input":{"@type":"PropertyValueSpecification","valueRequired":true,"valueName":"search_term_string"}}],"inLanguage":"de"},{"@type":"Organization","@id":"https:\/\/www.fincasmallorcacharme.com\/blog\/en\/#organization","name":"Blog Mallorca Charme","url":"https:\/\/www.fincasmallorcacharme.com\/blog\/en\/","logo":{"@type":"ImageObject","inLanguage":"de","@id":"https:\/\/www.fincasmallorcacharme.com\/blog\/en\/#\/schema\/logo\/image\/","url":"https:\/\/www.fincasmallorcacharme.com\/blog\/wp-content\/uploads\/2020\/02\/cropped-headerrrrr-1.png","contentUrl":"https:\/\/www.fincasmallorcacharme.com\/blog\/wp-content\/uploads\/2020\/02\/cropped-headerrrrr-1.png","width":1250,"height":250,"caption":"Blog Mallorca Charme"},"image":{"@id":"https:\/\/www.fincasmallorcacharme.com\/blog\/en\/#\/schema\/logo\/image\/"}},{"@type":"Person","@id":"https:\/\/www.fincasmallorcacharme.com\/blog\/en\/#\/schema\/person\/335f2ad1ce51d3ab88517478d04fb7d7","name":"mallorcacharme","url":"https:\/\/www.fincasmallorcacharme.com\/blog\/de\/author\/mallorcacharme\/"}]}},"amp_enabled":true,"_links":{"self":[{"href":"https:\/\/www.fincasmallorcacharme.com\/blog\/de\/wp-json\/wp\/v2\/posts\/256","targetHints":{"allow":["GET"]}}],"collection":[{"href":"https:\/\/www.fincasmallorcacharme.com\/blog\/de\/wp-json\/wp\/v2\/posts"}],"about":[{"href":"https:\/\/www.fincasmallorcacharme.com\/blog\/de\/wp-json\/wp\/v2\/types\/post"}],"author":[{"embeddable":true,"href":"https:\/\/www.fincasmallorcacharme.com\/blog\/de\/wp-json\/wp\/v2\/users\/2"}],"replies":[{"embeddable":true,"href":"https:\/\/www.fincasmallorcacharme.com\/blog\/de\/wp-json\/wp\/v2\/comments?post=256"}],"version-history":[{"count":4,"href":"https:\/\/www.fincasmallorcacharme.com\/blog\/de\/wp-json\/wp\/v2\/posts\/256\/revisions"}],"predecessor-version":[{"id":643,"href":"https:\/\/www.fincasmallorcacharme.com\/blog\/de\/wp-json\/wp\/v2\/posts\/256\/revisions\/643"}],"wp:featuredmedia":[{"embeddable":true,"href":"https:\/\/www.fincasmallorcacharme.com\/blog\/de\/wp-json\/wp\/v2\/media\/257"}],"wp:attachment":[{"href":"https:\/\/www.fincasmallorcacharme.com\/blog\/de\/wp-json\/wp\/v2\/media?parent=256"}],"wp:term":[{"taxonomy":"category","embeddable":true,"href":"https:\/\/www.fincasmallorcacharme.com\/blog\/de\/wp-json\/wp\/v2\/categories?post=256"},{"taxonomy":"post_tag","embeddable":true,"href":"https:\/\/www.fincasmallorcacharme.com\/blog\/de\/wp-json\/wp\/v2\/tags?post=256"}],"curies":[{"name":"wp","href":"https:\/\/api.w.org\/{rel}","templated":true}]}}