{"id":253,"date":"2017-12-29T11:06:42","date_gmt":"2017-12-29T11:06:42","guid":{"rendered":"http:\/\/www.fincasmallorcacharme.com\/blog\/?p=253"},"modified":"2018-03-12T12:13:20","modified_gmt":"2018-03-12T12:13:20","slug":"pla-de-mallorca","status":"publish","type":"post","link":"https:\/\/www.fincasmallorcacharme.com\/blog\/de\/pla-de-mallorca\/","title":{"rendered":"Pla de Mallorca"},"content":{"rendered":"<h1 class=\"text-primary\">Pla de Mallorca<\/h1>\n<p>Pla de Mallorca\u00a0oder\u00a0Es Pla\u00a0ist eine Region (<a title=\"Katalanische Sprache\" href=\"https:\/\/de.wikipedia.org\/wiki\/Katalanische_Sprache\" target=\"_blank\" rel=\"noopener\">katalanisch<\/a>:\u00a0<a title=\"Landschaftszonen auf Mallorca\" href=\"https:\/\/de.wikipedia.org\/wiki\/Landschaftszonen_auf_Mallorca\" target=\"_blank\" rel=\"noopener\">Comarca<\/a>) auf der\u00a0<a title=\"Spanien\" href=\"https:\/\/de.wikipedia.org\/wiki\/Spanien\" target=\"_blank\" rel=\"noopener\">spanischen<\/a>\u00a0<a title=\"Balearische Inseln\" href=\"https:\/\/de.wikipedia.org\/wiki\/Balearische_Inseln\" target=\"_blank\" rel=\"noopener\">Baleareninsel<\/a>\u00a0<a title=\"Mallorca\" href=\"https:\/\/de.wikipedia.org\/wiki\/Mallorca\" target=\"_blank\" rel=\"noopener\">Mallorca<\/a>. Sie befindet sich im zentralen Teil der Insel.\u00a0<em>Es Pla<\/em>\u00a0ist eine Ebene zwischen den Bergketten der<em><a title=\"Serra de Tramuntana\" href=\"https:\/\/de.wikipedia.org\/wiki\/Serra_de_Tramuntana\" target=\"_blank\" rel=\"noopener\">Serra de Tramuntana<\/a><\/em>\u00a0im Nordwesten und den\u00a0<em><a title=\"Serres de Llevant\" href=\"https:\/\/de.wikipedia.org\/wiki\/Serres_de_Llevant\">Serres de Llevant<\/a><\/em>\u00a0im Osten, die nur von kleineren H\u00f6henz\u00fcgen unterbrochen wird. H\u00f6chster Punkt ist an der Grenze zum s\u00fcdlich angrenzenden\u00a0<em><a title=\"Migjorn\" href=\"https:\/\/de.wikipedia.org\/wiki\/Migjorn\" target=\"_blank\" rel=\"noopener\">Migjorn<\/a><\/em>\u00a0der 540\u00a0Meter hohe\u00a0<a title=\"Tafelberg\" href=\"https:\/\/de.wikipedia.org\/wiki\/Tafelberg\" target=\"_blank\" rel=\"noopener\">Tafelberg<\/a>\u00a0<em><a title=\"Puig de Randa\" href=\"https:\/\/de.wikipedia.org\/wiki\/Puig_de_Randa\" target=\"_blank\" rel=\"noopener\">Puig de Randa<\/a><\/em>.<\/p>\n<p>Aus der Region\u00a0<em>Es Pla<\/em>\u00a0kommen die meisten landwirtschaftlichen Produkte f\u00fcr den t\u00e4glichen Bedarf der Insel wie Kartoffeln, Reis, Mais und Gem\u00fcse. Zudem wird Wein angebaut und es gibt eine Vielzahl von Mandelbaumplantagen. Mit ihren ausgedehnten Feldern wird\u00a0<em>Es Pla<\/em>\u00a0auch als Kornkammer Mallorcas bezeichnet. Durch den Schutz der Berge im Nordwesten vor den winterlichen Nordwinden sind bis zu vier Ernten im Jahr m\u00f6glich. Allerdings ist das Inselinnere im Sommer auch die hei\u00dfeste Gegend der Insel.<\/p>\n<p>Im\u00a0<em>Pla de Mallorca<\/em>\u00a0leben mit 54.147 Menschen (Stand:\u00a02008) die wenigsten Einwohner der sechs\u00a0<em>Comarques<\/em>\u00a0Mallorcas. Es gibt auch keinen zentralen Ort der Region. Am Bev\u00f6lkerungsreichsten ist mittlerweile der Touristenort Can Picafort an der\u00a0<em>Bucht von Alc\u00fadia<\/em>\u00a0in der Gemeinde\u00a0<a title=\"Santa Margalida\" href=\"https:\/\/de.wikipedia.org\/wiki\/Santa_Margalida\" target=\"_blank\" rel=\"noopener\">Santa Margalida<\/a>. An der Bucht im Norden Mallorcas gibt es kilometerlange Sandstr\u00e4nde, das Hauptziel der meisten Urlauber. Der Tourismus gewinnt auch im\u00a0<em>Es Pla<\/em>\u00a0gegen\u00fcber der Landwirtschaft zunehmend an Bedeutung. Im Inneren Mallorcas wird dabei vermehrt auf den\u00a0<a title=\"Agrotourismus\" href=\"https:\/\/de.wikipedia.org\/wiki\/Agrotourismus\" target=\"_blank\" rel=\"noopener\">Agrotourismus<\/a>\u00a0gesetzt, Urlaub auf dem Lande im Schatten der vielen Windm\u00fchlen.<\/p>\n<p>Angrenzende Inselregionen sind im Osten\u00a0<em><a title=\"Llevant\" href=\"https:\/\/de.wikipedia.org\/wiki\/Llevant\" target=\"_blank\" rel=\"noopener\">Llevant<\/a><\/em>, im S\u00fcden\u00a0<em><a title=\"Migjorn\" href=\"https:\/\/de.wikipedia.org\/wiki\/Migjorn\" target=\"_blank\" rel=\"noopener\">Migjorn<\/a><\/em>, im Nordwesten\u00a0<em><a title=\"Raiguer\" href=\"https:\/\/de.wikipedia.org\/wiki\/Raiguer\" target=\"_blank\" rel=\"noopener\">Raiguer<\/a><\/em>\u00a0und im Westen die Inselhauptstadt\u00a0<a title=\"Palma\" href=\"https:\/\/de.wikipedia.org\/wiki\/Palma\" target=\"_blank\" rel=\"noopener\">Palma.<\/a><\/p>\n<p><a href=\"http:\/\/de.wikipedia.org\/wiki\/Pla_de_Mallorca\" target=\"_blank\" rel=\"noopener\">Visit Website<\/a><\/p>\n","protected":false},"excerpt":{"rendered":"<p>Pla de Mallorca Pla de Mallorca\u00a0oder\u00a0Es Pla\u00a0ist eine Region (katalanisch:\u00a0Comarca) auf der\u00a0spanischen\u00a0Baleareninsel\u00a0Mallorca. Sie befindet sich im zentralen Teil der Insel.\u00a0Es Pla\u00a0ist eine Ebene zwischen den Bergketten derSerra de Tramuntana\u00a0im Nordwesten und den\u00a0Serres de Llevant\u00a0im Osten, die nur von kleineren H\u00f6henz\u00fcgen unterbrochen wird. H\u00f6chster Punkt ist an der Grenze zum s\u00fcdlich angrenzenden\u00a0Migjorn\u00a0der 540\u00a0Meter hohe\u00a0Tafelberg\u00a0Puig de Randa&#8230;.<\/p>\n","protected":false},"author":2,"featured_media":254,"comment_status":"open","ping_status":"closed","sticky":false,"template":"","format":"standard","meta":{"ngg_post_thumbnail":0,"footnotes":""},"categories":[2],"tags":[],"class_list":["post-253","post","type-post","status-publish","format-standard","has-post-thumbnail","hentry","category-orte"],"yoast_head":"<!-- This site is optimized with the Yoast SEO plugin v26.2 - https:\/\/yoast.com\/wordpress\/plugins\/seo\/ -->\n<title>Pla de Mallorca - Blog Mallorca Charme<\/title>\n<meta name=\"robots\" content=\"noindex, follow\" \/>\n<meta property=\"og:locale\" content=\"de_DE\" \/>\n<meta property=\"og:type\" content=\"article\" \/>\n<meta property=\"og:title\" content=\"Pla de Mallorca - Blog Mallorca Charme\" \/>\n<meta property=\"og:description\" content=\"Pla de Mallorca Pla de Mallorca\u00a0oder\u00a0Es Pla\u00a0ist eine Region (katalanisch:\u00a0Comarca) auf der\u00a0spanischen\u00a0Baleareninsel\u00a0Mallorca. Sie befindet sich im zentralen Teil der Insel.\u00a0Es Pla\u00a0ist eine Ebene zwischen den Bergketten derSerra de Tramuntana\u00a0im Nordwesten und den\u00a0Serres de Llevant\u00a0im Osten, die nur von kleineren H\u00f6henz\u00fcgen unterbrochen wird. H\u00f6chster Punkt ist an der Grenze zum s\u00fcdlich angrenzenden\u00a0Migjorn\u00a0der 540\u00a0Meter hohe\u00a0Tafelberg\u00a0Puig de Randa....\" \/>\n<meta property=\"og:url\" content=\"https:\/\/www.fincasmallorcacharme.com\/blog\/pla-de-mallorca-2\/\" \/>\n<meta property=\"og:site_name\" content=\"Blog Mallorca Charme\" \/>\n<meta property=\"article:published_time\" content=\"2017-12-29T11:06:42+00:00\" \/>\n<meta property=\"article:modified_time\" content=\"2018-03-12T12:13:20+00:00\" \/>\n<meta property=\"og:image\" content=\"https:\/\/www.fincasmallorcacharme.com\/blog\/wp-content\/uploads\/2017\/12\/Pla-de-Mallorca.png\" \/>\n\t<meta property=\"og:image:width\" content=\"440\" \/>\n\t<meta property=\"og:image:height\" content=\"413\" \/>\n\t<meta property=\"og:image:type\" content=\"image\/png\" \/>\n<meta name=\"author\" content=\"mallorcacharme\" \/>\n<meta name=\"twitter:card\" content=\"summary_large_image\" \/>\n<meta name=\"twitter:label1\" content=\"Verfasst von\" \/>\n\t<meta name=\"twitter:data1\" content=\"mallorcacharme\" \/>\n\t<meta name=\"twitter:label2\" content=\"Gesch\u00e4tzte Lesezeit\" \/>\n\t<meta name=\"twitter:data2\" content=\"1\u00a0Minute\" \/>\n<script type=\"application\/ld+json\" class=\"yoast-schema-graph\">{\"@context\":\"https:\/\/schema.org\",\"@graph\":[{\"@type\":\"Article\",\"@id\":\"https:\/\/www.fincasmallorcacharme.com\/blog\/pla-de-mallorca-2\/#article\",\"isPartOf\":{\"@id\":\"https:\/\/www.fincasmallorcacharme.com\/blog\/pla-de-mallorca-2\/\"},\"author\":{\"name\":\"mallorcacharme\",\"@id\":\"https:\/\/www.fincasmallorcacharme.com\/blog\/en\/#\/schema\/person\/335f2ad1ce51d3ab88517478d04fb7d7\"},\"headline\":\"Pla de Mallorca\",\"datePublished\":\"2017-12-29T11:06:42+00:00\",\"dateModified\":\"2018-03-12T12:13:20+00:00\",\"mainEntityOfPage\":{\"@id\":\"https:\/\/www.fincasmallorcacharme.com\/blog\/pla-de-mallorca-2\/\"},\"wordCount\":274,\"commentCount\":0,\"publisher\":{\"@id\":\"https:\/\/www.fincasmallorcacharme.com\/blog\/en\/#organization\"},\"image\":{\"@id\":\"https:\/\/www.fincasmallorcacharme.com\/blog\/pla-de-mallorca-2\/#primaryimage\"},\"thumbnailUrl\":\"https:\/\/www.fincasmallorcacharme.com\/blog\/wp-content\/uploads\/2017\/12\/Pla-de-Mallorca.png\",\"articleSection\":[\"Orte\"],\"inLanguage\":\"de\",\"potentialAction\":[{\"@type\":\"CommentAction\",\"name\":\"Comment\",\"target\":[\"https:\/\/www.fincasmallorcacharme.com\/blog\/pla-de-mallorca-2\/#respond\"]}]},{\"@type\":\"WebPage\",\"@id\":\"https:\/\/www.fincasmallorcacharme.com\/blog\/pla-de-mallorca-2\/\",\"url\":\"https:\/\/www.fincasmallorcacharme.com\/blog\/pla-de-mallorca-2\/\",\"name\":\"Pla de Mallorca - Blog Mallorca Charme\",\"isPartOf\":{\"@id\":\"https:\/\/www.fincasmallorcacharme.com\/blog\/en\/#website\"},\"primaryImageOfPage\":{\"@id\":\"https:\/\/www.fincasmallorcacharme.com\/blog\/pla-de-mallorca-2\/#primaryimage\"},\"image\":{\"@id\":\"https:\/\/www.fincasmallorcacharme.com\/blog\/pla-de-mallorca-2\/#primaryimage\"},\"thumbnailUrl\":\"https:\/\/www.fincasmallorcacharme.com\/blog\/wp-content\/uploads\/2017\/12\/Pla-de-Mallorca.png\",\"datePublished\":\"2017-12-29T11:06:42+00:00\",\"dateModified\":\"2018-03-12T12:13:20+00:00\",\"inLanguage\":\"de\",\"potentialAction\":[{\"@type\":\"ReadAction\",\"target\":[\"https:\/\/www.fincasmallorcacharme.com\/blog\/pla-de-mallorca-2\/\"]}]},{\"@type\":\"ImageObject\",\"inLanguage\":\"de\",\"@id\":\"https:\/\/www.fincasmallorcacharme.com\/blog\/pla-de-mallorca-2\/#primaryimage\",\"url\":\"https:\/\/www.fincasmallorcacharme.com\/blog\/wp-content\/uploads\/2017\/12\/Pla-de-Mallorca.png\",\"contentUrl\":\"https:\/\/www.fincasmallorcacharme.com\/blog\/wp-content\/uploads\/2017\/12\/Pla-de-Mallorca.png\",\"width\":440,\"height\":413},{\"@type\":\"WebSite\",\"@id\":\"https:\/\/www.fincasmallorcacharme.com\/blog\/en\/#website\",\"url\":\"https:\/\/www.fincasmallorcacharme.com\/blog\/en\/\",\"name\":\"Blog Mallorca Charme\",\"description\":\"Fincasmallorcacharme Blog\",\"publisher\":{\"@id\":\"https:\/\/www.fincasmallorcacharme.com\/blog\/en\/#organization\"},\"potentialAction\":[{\"@type\":\"SearchAction\",\"target\":{\"@type\":\"EntryPoint\",\"urlTemplate\":\"https:\/\/www.fincasmallorcacharme.com\/blog\/en\/?s={search_term_string}\"},\"query-input\":{\"@type\":\"PropertyValueSpecification\",\"valueRequired\":true,\"valueName\":\"search_term_string\"}}],\"inLanguage\":\"de\"},{\"@type\":\"Organization\",\"@id\":\"https:\/\/www.fincasmallorcacharme.com\/blog\/en\/#organization\",\"name\":\"Blog Mallorca Charme\",\"url\":\"https:\/\/www.fincasmallorcacharme.com\/blog\/en\/\",\"logo\":{\"@type\":\"ImageObject\",\"inLanguage\":\"de\",\"@id\":\"https:\/\/www.fincasmallorcacharme.com\/blog\/en\/#\/schema\/logo\/image\/\",\"url\":\"https:\/\/www.fincasmallorcacharme.com\/blog\/wp-content\/uploads\/2020\/02\/cropped-headerrrrr-1.png\",\"contentUrl\":\"https:\/\/www.fincasmallorcacharme.com\/blog\/wp-content\/uploads\/2020\/02\/cropped-headerrrrr-1.png\",\"width\":1250,\"height\":250,\"caption\":\"Blog Mallorca Charme\"},\"image\":{\"@id\":\"https:\/\/www.fincasmallorcacharme.com\/blog\/en\/#\/schema\/logo\/image\/\"}},{\"@type\":\"Person\",\"@id\":\"https:\/\/www.fincasmallorcacharme.com\/blog\/en\/#\/schema\/person\/335f2ad1ce51d3ab88517478d04fb7d7\",\"name\":\"mallorcacharme\",\"url\":\"https:\/\/www.fincasmallorcacharme.com\/blog\/de\/author\/mallorcacharme\/\"}]}<\/script>\n<!-- \/ Yoast SEO plugin. -->","yoast_head_json":{"title":"Pla de Mallorca - Blog Mallorca Charme","robots":{"index":"noindex","follow":"follow"},"og_locale":"de_DE","og_type":"article","og_title":"Pla de Mallorca - Blog Mallorca Charme","og_description":"Pla de Mallorca Pla de Mallorca\u00a0oder\u00a0Es Pla\u00a0ist eine Region (katalanisch:\u00a0Comarca) auf der\u00a0spanischen\u00a0Baleareninsel\u00a0Mallorca. Sie befindet sich im zentralen Teil der Insel.\u00a0Es Pla\u00a0ist eine Ebene zwischen den Bergketten derSerra de Tramuntana\u00a0im Nordwesten und den\u00a0Serres de Llevant\u00a0im Osten, die nur von kleineren H\u00f6henz\u00fcgen unterbrochen wird. H\u00f6chster Punkt ist an der Grenze zum s\u00fcdlich angrenzenden\u00a0Migjorn\u00a0der 540\u00a0Meter hohe\u00a0Tafelberg\u00a0Puig de Randa....","og_url":"https:\/\/www.fincasmallorcacharme.com\/blog\/pla-de-mallorca-2\/","og_site_name":"Blog Mallorca Charme","article_published_time":"2017-12-29T11:06:42+00:00","article_modified_time":"2018-03-12T12:13:20+00:00","og_image":[{"width":440,"height":413,"url":"https:\/\/www.fincasmallorcacharme.com\/blog\/wp-content\/uploads\/2017\/12\/Pla-de-Mallorca.png","type":"image\/png"}],"author":"mallorcacharme","twitter_card":"summary_large_image","twitter_misc":{"Verfasst von":"mallorcacharme","Gesch\u00e4tzte Lesezeit":"1\u00a0Minute"},"schema":{"@context":"https:\/\/schema.org","@graph":[{"@type":"Article","@id":"https:\/\/www.fincasmallorcacharme.com\/blog\/pla-de-mallorca-2\/#article","isPartOf":{"@id":"https:\/\/www.fincasmallorcacharme.com\/blog\/pla-de-mallorca-2\/"},"author":{"name":"mallorcacharme","@id":"https:\/\/www.fincasmallorcacharme.com\/blog\/en\/#\/schema\/person\/335f2ad1ce51d3ab88517478d04fb7d7"},"headline":"Pla de Mallorca","datePublished":"2017-12-29T11:06:42+00:00","dateModified":"2018-03-12T12:13:20+00:00","mainEntityOfPage":{"@id":"https:\/\/www.fincasmallorcacharme.com\/blog\/pla-de-mallorca-2\/"},"wordCount":274,"commentCount":0,"publisher":{"@id":"https:\/\/www.fincasmallorcacharme.com\/blog\/en\/#organization"},"image":{"@id":"https:\/\/www.fincasmallorcacharme.com\/blog\/pla-de-mallorca-2\/#primaryimage"},"thumbnailUrl":"https:\/\/www.fincasmallorcacharme.com\/blog\/wp-content\/uploads\/2017\/12\/Pla-de-Mallorca.png","articleSection":["Orte"],"inLanguage":"de","potentialAction":[{"@type":"CommentAction","name":"Comment","target":["https:\/\/www.fincasmallorcacharme.com\/blog\/pla-de-mallorca-2\/#respond"]}]},{"@type":"WebPage","@id":"https:\/\/www.fincasmallorcacharme.com\/blog\/pla-de-mallorca-2\/","url":"https:\/\/www.fincasmallorcacharme.com\/blog\/pla-de-mallorca-2\/","name":"Pla de Mallorca - Blog Mallorca Charme","isPartOf":{"@id":"https:\/\/www.fincasmallorcacharme.com\/blog\/en\/#website"},"primaryImageOfPage":{"@id":"https:\/\/www.fincasmallorcacharme.com\/blog\/pla-de-mallorca-2\/#primaryimage"},"image":{"@id":"https:\/\/www.fincasmallorcacharme.com\/blog\/pla-de-mallorca-2\/#primaryimage"},"thumbnailUrl":"https:\/\/www.fincasmallorcacharme.com\/blog\/wp-content\/uploads\/2017\/12\/Pla-de-Mallorca.png","datePublished":"2017-12-29T11:06:42+00:00","dateModified":"2018-03-12T12:13:20+00:00","inLanguage":"de","potentialAction":[{"@type":"ReadAction","target":["https:\/\/www.fincasmallorcacharme.com\/blog\/pla-de-mallorca-2\/"]}]},{"@type":"ImageObject","inLanguage":"de","@id":"https:\/\/www.fincasmallorcacharme.com\/blog\/pla-de-mallorca-2\/#primaryimage","url":"https:\/\/www.fincasmallorcacharme.com\/blog\/wp-content\/uploads\/2017\/12\/Pla-de-Mallorca.png","contentUrl":"https:\/\/www.fincasmallorcacharme.com\/blog\/wp-content\/uploads\/2017\/12\/Pla-de-Mallorca.png","width":440,"height":413},{"@type":"WebSite","@id":"https:\/\/www.fincasmallorcacharme.com\/blog\/en\/#website","url":"https:\/\/www.fincasmallorcacharme.com\/blog\/en\/","name":"Blog Mallorca Charme","description":"Fincasmallorcacharme Blog","publisher":{"@id":"https:\/\/www.fincasmallorcacharme.com\/blog\/en\/#organization"},"potentialAction":[{"@type":"SearchAction","target":{"@type":"EntryPoint","urlTemplate":"https:\/\/www.fincasmallorcacharme.com\/blog\/en\/?s={search_term_string}"},"query-input":{"@type":"PropertyValueSpecification","valueRequired":true,"valueName":"search_term_string"}}],"inLanguage":"de"},{"@type":"Organization","@id":"https:\/\/www.fincasmallorcacharme.com\/blog\/en\/#organization","name":"Blog Mallorca Charme","url":"https:\/\/www.fincasmallorcacharme.com\/blog\/en\/","logo":{"@type":"ImageObject","inLanguage":"de","@id":"https:\/\/www.fincasmallorcacharme.com\/blog\/en\/#\/schema\/logo\/image\/","url":"https:\/\/www.fincasmallorcacharme.com\/blog\/wp-content\/uploads\/2020\/02\/cropped-headerrrrr-1.png","contentUrl":"https:\/\/www.fincasmallorcacharme.com\/blog\/wp-content\/uploads\/2020\/02\/cropped-headerrrrr-1.png","width":1250,"height":250,"caption":"Blog Mallorca Charme"},"image":{"@id":"https:\/\/www.fincasmallorcacharme.com\/blog\/en\/#\/schema\/logo\/image\/"}},{"@type":"Person","@id":"https:\/\/www.fincasmallorcacharme.com\/blog\/en\/#\/schema\/person\/335f2ad1ce51d3ab88517478d04fb7d7","name":"mallorcacharme","url":"https:\/\/www.fincasmallorcacharme.com\/blog\/de\/author\/mallorcacharme\/"}]}},"amp_enabled":true,"_links":{"self":[{"href":"https:\/\/www.fincasmallorcacharme.com\/blog\/de\/wp-json\/wp\/v2\/posts\/253","targetHints":{"allow":["GET"]}}],"collection":[{"href":"https:\/\/www.fincasmallorcacharme.com\/blog\/de\/wp-json\/wp\/v2\/posts"}],"about":[{"href":"https:\/\/www.fincasmallorcacharme.com\/blog\/de\/wp-json\/wp\/v2\/types\/post"}],"author":[{"embeddable":true,"href":"https:\/\/www.fincasmallorcacharme.com\/blog\/de\/wp-json\/wp\/v2\/users\/2"}],"replies":[{"embeddable":true,"href":"https:\/\/www.fincasmallorcacharme.com\/blog\/de\/wp-json\/wp\/v2\/comments?post=253"}],"version-history":[{"count":4,"href":"https:\/\/www.fincasmallorcacharme.com\/blog\/de\/wp-json\/wp\/v2\/posts\/253\/revisions"}],"predecessor-version":[{"id":645,"href":"https:\/\/www.fincasmallorcacharme.com\/blog\/de\/wp-json\/wp\/v2\/posts\/253\/revisions\/645"}],"wp:featuredmedia":[{"embeddable":true,"href":"https:\/\/www.fincasmallorcacharme.com\/blog\/de\/wp-json\/wp\/v2\/media\/254"}],"wp:attachment":[{"href":"https:\/\/www.fincasmallorcacharme.com\/blog\/de\/wp-json\/wp\/v2\/media?parent=253"}],"wp:term":[{"taxonomy":"category","embeddable":true,"href":"https:\/\/www.fincasmallorcacharme.com\/blog\/de\/wp-json\/wp\/v2\/categories?post=253"},{"taxonomy":"post_tag","embeddable":true,"href":"https:\/\/www.fincasmallorcacharme.com\/blog\/de\/wp-json\/wp\/v2\/tags?post=253"}],"curies":[{"name":"wp","href":"https:\/\/api.w.org\/{rel}","templated":true}]}}