{"id":250,"date":"2017-12-29T11:04:01","date_gmt":"2017-12-29T11:04:01","guid":{"rendered":"http:\/\/www.fincasmallorcacharme.com\/blog\/?p=250"},"modified":"2018-01-04T07:55:35","modified_gmt":"2018-01-04T07:55:35","slug":"palma-de-mallorca","status":"publish","type":"post","link":"https:\/\/www.fincasmallorcacharme.com\/blog\/de\/palma-de-mallorca\/","title":{"rendered":"Palma de Mallorca"},"content":{"rendered":"<h1>Palma de Mallorca<\/h1>\n<p>Palma de Mallorca, in den Jahren 2008 bis 2011 nur\u00a0Palma\u00a0genannt, ist die Hauptstadt der\u00a0<a title=\"Spanien\" href=\"https:\/\/de.wikipedia.org\/wiki\/Spanien\">spanischen<\/a>\u00a0Mittelmeerinsel\u00a0<a title=\"Mallorca\" href=\"https:\/\/de.wikipedia.org\/wiki\/Mallorca\">Mallorca<\/a>\u00a0und Sitz der\u00a0<a title=\"Autonome Gemeinschaften Spaniens\" href=\"https:\/\/de.wikipedia.org\/wiki\/Autonome_Gemeinschaften_Spaniens\">autonomen Regierung<\/a>\u00a0der\u00a0<a title=\"Balearische Inseln\" href=\"https:\/\/de.wikipedia.org\/wiki\/Balearische_Inseln\">Balearen<\/a>.<br \/>\nPalma de Mallorca ist das Versorgungszentrum der Balearen, wo sich neben der Regierung auch der gr\u00f6\u00dfte\u00a0<a title=\"Port de Palma\" href=\"https:\/\/de.wikipedia.org\/wiki\/Port_de_Palma\">Hafen<\/a>, der gr\u00f6\u00dfte\u00a0<a title=\"Flughafen Palma de Mallorca\" href=\"https:\/\/de.wikipedia.org\/wiki\/Flughafen_Palma_de_Mallorca\">Flughafen<\/a>\u00a0und die meisten Infrastruktureinrichtungen befinden. Dar\u00fcber hinaus stellt die Stadt einen Touristenmagneten dar, da vor allem von den auf der Insel verstreuten Hotels Ausfl\u00fcge hierher angeboten werden.<br \/>\nAnfang Oktober 2008 wurde der Zusatz \u201ede Mallorca\u201c im Namen der Stadt und der Gemeinde Palma aus dem spanischen Kommunalregister gel\u00f6scht. Damit wurde ein aus dem Jahre 1998 datierender Antrag umgesetzt.\u00a0Die seit Sommer 2011 regierende neue Stadtregierung in Palma de Mallorca hat dies durch einen Stadtratsbeschluss am 16. November 2011 r\u00fcckg\u00e4ngig gemacht. Der offizielle Stadtname ist seit dem 16. November 2011 wieder Palma de Mallorca.<br \/>\nPalma de Mallorca erstreckt sich entlang der\u00a0Bucht von Palma\u00a0an der K\u00fcste des\u00a0<a title=\"Mittelmeer\" href=\"https:\/\/de.wikipedia.org\/wiki\/Mittelmeer\">Mittelmeeres<\/a>\u00a0im Westen der Insel. Die Agglomeration der Stadt ist etwa 30 Kilometer lang und geht entlang der K\u00fcste von<a title=\"Magaluf\" href=\"https:\/\/de.wikipedia.org\/wiki\/Magaluf\">Magaluf<\/a>\u00a0im Westen bis nach\u00a0<a title=\"S\u2019Arenal\" href=\"https:\/\/de.wikipedia.org\/wiki\/S%E2%80%99Arenal\">S\u2019Arenal<\/a>\u00a0im Osten. Hier leben mit etwa 500.000 Einwohnern mehr als die H\u00e4lfte der Einwohner Mallorcas.<br \/>\nNordwestlich der Stadt liegt die\u00a0<a title=\"Serra de Tramuntana\" href=\"https:\/\/de.wikipedia.org\/wiki\/Serra_de_Tramuntana\">Serra de Tramuntana<\/a>\u00a0und nord\u00f6stlich einige kleinere H\u00fcgelketten, die Palma de Mallorca von der zentralen Ebene Mallorcas trennen. Nach Osten erstreckt sich an der K\u00fcste der Sandstrand\u00a0<a title=\"Platja de Palma\" href=\"https:\/\/de.wikipedia.org\/wiki\/Platja_de_Palma\">Platja de Palma<\/a>\u00a0\u00fcber etwa zehn Kilometer nach\u00a0<a title=\"S\u2019Arenal\" href=\"https:\/\/de.wikipedia.org\/wiki\/S%E2%80%99Arenal\">S\u2019Arenal<\/a>. Westlich liegt die Bucht\u00a0<a title=\"Cala Major\" href=\"https:\/\/de.wikipedia.org\/wiki\/Cala_Major\">Cala Major<\/a>.<br \/>\n<a href=\"http:\/\/de.wikipedia.org\/wiki\/Palma_de_Mallorca\" target=\"_blank\" rel=\"noopener\">Visit Website<\/a><\/p>\n","protected":false},"excerpt":{"rendered":"<p>Palma de Mallorca Palma de Mallorca, in den Jahren 2008 bis 2011 nur\u00a0Palma\u00a0genannt, ist die Hauptstadt der\u00a0spanischen\u00a0Mittelmeerinsel\u00a0Mallorca\u00a0und Sitz der\u00a0autonomen Regierung\u00a0der\u00a0Balearen. Palma de Mallorca ist das Versorgungszentrum der Balearen, wo sich neben der Regierung auch der gr\u00f6\u00dfte\u00a0Hafen, der gr\u00f6\u00dfte\u00a0Flughafen\u00a0und die meisten Infrastruktureinrichtungen befinden. Dar\u00fcber hinaus stellt die Stadt einen Touristenmagneten dar, da vor allem von den&#8230;<\/p>\n","protected":false},"author":2,"featured_media":251,"comment_status":"open","ping_status":"closed","sticky":false,"template":"","format":"standard","meta":{"ngg_post_thumbnail":0,"footnotes":""},"categories":[2],"tags":[],"class_list":["post-250","post","type-post","status-publish","format-standard","has-post-thumbnail","hentry","category-orte"],"yoast_head":"<!-- This site is optimized with the Yoast SEO plugin v26.2 - https:\/\/yoast.com\/wordpress\/plugins\/seo\/ -->\n<title>Palma de Mallorca - Blog Mallorca Charme<\/title>\n<meta name=\"robots\" content=\"noindex, follow\" \/>\n<meta property=\"og:locale\" content=\"de_DE\" \/>\n<meta property=\"og:type\" content=\"article\" \/>\n<meta property=\"og:title\" content=\"Palma de Mallorca - Blog Mallorca Charme\" \/>\n<meta property=\"og:description\" content=\"Palma de Mallorca Palma de Mallorca, in den Jahren 2008 bis 2011 nur\u00a0Palma\u00a0genannt, ist die Hauptstadt der\u00a0spanischen\u00a0Mittelmeerinsel\u00a0Mallorca\u00a0und Sitz der\u00a0autonomen Regierung\u00a0der\u00a0Balearen. Palma de Mallorca ist das Versorgungszentrum der Balearen, wo sich neben der Regierung auch der gr\u00f6\u00dfte\u00a0Hafen, der gr\u00f6\u00dfte\u00a0Flughafen\u00a0und die meisten Infrastruktureinrichtungen befinden. Dar\u00fcber hinaus stellt die Stadt einen Touristenmagneten dar, da vor allem von den...\" \/>\n<meta property=\"og:url\" content=\"https:\/\/www.fincasmallorcacharme.com\/blog\/palma-de-mallorca\/\" \/>\n<meta property=\"og:site_name\" content=\"Blog Mallorca Charme\" \/>\n<meta property=\"article:published_time\" content=\"2017-12-29T11:04:01+00:00\" \/>\n<meta property=\"article:modified_time\" content=\"2018-01-04T07:55:35+00:00\" \/>\n<meta property=\"og:image\" content=\"https:\/\/www.fincasmallorcacharme.com\/blog\/wp-content\/uploads\/2017\/12\/palma.jpg\" \/>\n\t<meta property=\"og:image:width\" content=\"480\" \/>\n\t<meta property=\"og:image:height\" content=\"360\" \/>\n\t<meta property=\"og:image:type\" content=\"image\/jpeg\" \/>\n<meta name=\"author\" content=\"mallorcacharme\" \/>\n<meta name=\"twitter:card\" content=\"summary_large_image\" \/>\n<meta name=\"twitter:label1\" content=\"Verfasst von\" \/>\n\t<meta name=\"twitter:data1\" content=\"mallorcacharme\" \/>\n\t<meta name=\"twitter:label2\" content=\"Gesch\u00e4tzte Lesezeit\" \/>\n\t<meta name=\"twitter:data2\" content=\"1\u00a0Minute\" \/>\n<script type=\"application\/ld+json\" class=\"yoast-schema-graph\">{\"@context\":\"https:\/\/schema.org\",\"@graph\":[{\"@type\":\"Article\",\"@id\":\"https:\/\/www.fincasmallorcacharme.com\/blog\/palma-de-mallorca\/#article\",\"isPartOf\":{\"@id\":\"https:\/\/www.fincasmallorcacharme.com\/blog\/palma-de-mallorca\/\"},\"author\":{\"name\":\"mallorcacharme\",\"@id\":\"https:\/\/www.fincasmallorcacharme.com\/blog\/en\/#\/schema\/person\/335f2ad1ce51d3ab88517478d04fb7d7\"},\"headline\":\"Palma de Mallorca\",\"datePublished\":\"2017-12-29T11:04:01+00:00\",\"dateModified\":\"2018-01-04T07:55:35+00:00\",\"mainEntityOfPage\":{\"@id\":\"https:\/\/www.fincasmallorcacharme.com\/blog\/palma-de-mallorca\/\"},\"wordCount\":252,\"commentCount\":0,\"publisher\":{\"@id\":\"https:\/\/www.fincasmallorcacharme.com\/blog\/en\/#organization\"},\"image\":{\"@id\":\"https:\/\/www.fincasmallorcacharme.com\/blog\/palma-de-mallorca\/#primaryimage\"},\"thumbnailUrl\":\"https:\/\/www.fincasmallorcacharme.com\/blog\/wp-content\/uploads\/2017\/12\/palma.jpg\",\"articleSection\":[\"Orte\"],\"inLanguage\":\"de\",\"potentialAction\":[{\"@type\":\"CommentAction\",\"name\":\"Comment\",\"target\":[\"https:\/\/www.fincasmallorcacharme.com\/blog\/palma-de-mallorca\/#respond\"]}]},{\"@type\":\"WebPage\",\"@id\":\"https:\/\/www.fincasmallorcacharme.com\/blog\/palma-de-mallorca\/\",\"url\":\"https:\/\/www.fincasmallorcacharme.com\/blog\/palma-de-mallorca\/\",\"name\":\"Palma de Mallorca - Blog Mallorca Charme\",\"isPartOf\":{\"@id\":\"https:\/\/www.fincasmallorcacharme.com\/blog\/en\/#website\"},\"primaryImageOfPage\":{\"@id\":\"https:\/\/www.fincasmallorcacharme.com\/blog\/palma-de-mallorca\/#primaryimage\"},\"image\":{\"@id\":\"https:\/\/www.fincasmallorcacharme.com\/blog\/palma-de-mallorca\/#primaryimage\"},\"thumbnailUrl\":\"https:\/\/www.fincasmallorcacharme.com\/blog\/wp-content\/uploads\/2017\/12\/palma.jpg\",\"datePublished\":\"2017-12-29T11:04:01+00:00\",\"dateModified\":\"2018-01-04T07:55:35+00:00\",\"inLanguage\":\"de\",\"potentialAction\":[{\"@type\":\"ReadAction\",\"target\":[\"https:\/\/www.fincasmallorcacharme.com\/blog\/palma-de-mallorca\/\"]}]},{\"@type\":\"ImageObject\",\"inLanguage\":\"de\",\"@id\":\"https:\/\/www.fincasmallorcacharme.com\/blog\/palma-de-mallorca\/#primaryimage\",\"url\":\"https:\/\/www.fincasmallorcacharme.com\/blog\/wp-content\/uploads\/2017\/12\/palma.jpg\",\"contentUrl\":\"https:\/\/www.fincasmallorcacharme.com\/blog\/wp-content\/uploads\/2017\/12\/palma.jpg\",\"width\":480,\"height\":360},{\"@type\":\"WebSite\",\"@id\":\"https:\/\/www.fincasmallorcacharme.com\/blog\/en\/#website\",\"url\":\"https:\/\/www.fincasmallorcacharme.com\/blog\/en\/\",\"name\":\"Blog Mallorca Charme\",\"description\":\"Fincasmallorcacharme Blog\",\"publisher\":{\"@id\":\"https:\/\/www.fincasmallorcacharme.com\/blog\/en\/#organization\"},\"potentialAction\":[{\"@type\":\"SearchAction\",\"target\":{\"@type\":\"EntryPoint\",\"urlTemplate\":\"https:\/\/www.fincasmallorcacharme.com\/blog\/en\/?s={search_term_string}\"},\"query-input\":{\"@type\":\"PropertyValueSpecification\",\"valueRequired\":true,\"valueName\":\"search_term_string\"}}],\"inLanguage\":\"de\"},{\"@type\":\"Organization\",\"@id\":\"https:\/\/www.fincasmallorcacharme.com\/blog\/en\/#organization\",\"name\":\"Blog Mallorca Charme\",\"url\":\"https:\/\/www.fincasmallorcacharme.com\/blog\/en\/\",\"logo\":{\"@type\":\"ImageObject\",\"inLanguage\":\"de\",\"@id\":\"https:\/\/www.fincasmallorcacharme.com\/blog\/en\/#\/schema\/logo\/image\/\",\"url\":\"https:\/\/www.fincasmallorcacharme.com\/blog\/wp-content\/uploads\/2020\/02\/cropped-headerrrrr-1.png\",\"contentUrl\":\"https:\/\/www.fincasmallorcacharme.com\/blog\/wp-content\/uploads\/2020\/02\/cropped-headerrrrr-1.png\",\"width\":1250,\"height\":250,\"caption\":\"Blog Mallorca Charme\"},\"image\":{\"@id\":\"https:\/\/www.fincasmallorcacharme.com\/blog\/en\/#\/schema\/logo\/image\/\"}},{\"@type\":\"Person\",\"@id\":\"https:\/\/www.fincasmallorcacharme.com\/blog\/en\/#\/schema\/person\/335f2ad1ce51d3ab88517478d04fb7d7\",\"name\":\"mallorcacharme\",\"url\":\"https:\/\/www.fincasmallorcacharme.com\/blog\/de\/author\/mallorcacharme\/\"}]}<\/script>\n<!-- \/ Yoast SEO plugin. -->","yoast_head_json":{"title":"Palma de Mallorca - Blog Mallorca Charme","robots":{"index":"noindex","follow":"follow"},"og_locale":"de_DE","og_type":"article","og_title":"Palma de Mallorca - Blog Mallorca Charme","og_description":"Palma de Mallorca Palma de Mallorca, in den Jahren 2008 bis 2011 nur\u00a0Palma\u00a0genannt, ist die Hauptstadt der\u00a0spanischen\u00a0Mittelmeerinsel\u00a0Mallorca\u00a0und Sitz der\u00a0autonomen Regierung\u00a0der\u00a0Balearen. Palma de Mallorca ist das Versorgungszentrum der Balearen, wo sich neben der Regierung auch der gr\u00f6\u00dfte\u00a0Hafen, der gr\u00f6\u00dfte\u00a0Flughafen\u00a0und die meisten Infrastruktureinrichtungen befinden. Dar\u00fcber hinaus stellt die Stadt einen Touristenmagneten dar, da vor allem von den...","og_url":"https:\/\/www.fincasmallorcacharme.com\/blog\/palma-de-mallorca\/","og_site_name":"Blog Mallorca Charme","article_published_time":"2017-12-29T11:04:01+00:00","article_modified_time":"2018-01-04T07:55:35+00:00","og_image":[{"width":480,"height":360,"url":"https:\/\/www.fincasmallorcacharme.com\/blog\/wp-content\/uploads\/2017\/12\/palma.jpg","type":"image\/jpeg"}],"author":"mallorcacharme","twitter_card":"summary_large_image","twitter_misc":{"Verfasst von":"mallorcacharme","Gesch\u00e4tzte Lesezeit":"1\u00a0Minute"},"schema":{"@context":"https:\/\/schema.org","@graph":[{"@type":"Article","@id":"https:\/\/www.fincasmallorcacharme.com\/blog\/palma-de-mallorca\/#article","isPartOf":{"@id":"https:\/\/www.fincasmallorcacharme.com\/blog\/palma-de-mallorca\/"},"author":{"name":"mallorcacharme","@id":"https:\/\/www.fincasmallorcacharme.com\/blog\/en\/#\/schema\/person\/335f2ad1ce51d3ab88517478d04fb7d7"},"headline":"Palma de Mallorca","datePublished":"2017-12-29T11:04:01+00:00","dateModified":"2018-01-04T07:55:35+00:00","mainEntityOfPage":{"@id":"https:\/\/www.fincasmallorcacharme.com\/blog\/palma-de-mallorca\/"},"wordCount":252,"commentCount":0,"publisher":{"@id":"https:\/\/www.fincasmallorcacharme.com\/blog\/en\/#organization"},"image":{"@id":"https:\/\/www.fincasmallorcacharme.com\/blog\/palma-de-mallorca\/#primaryimage"},"thumbnailUrl":"https:\/\/www.fincasmallorcacharme.com\/blog\/wp-content\/uploads\/2017\/12\/palma.jpg","articleSection":["Orte"],"inLanguage":"de","potentialAction":[{"@type":"CommentAction","name":"Comment","target":["https:\/\/www.fincasmallorcacharme.com\/blog\/palma-de-mallorca\/#respond"]}]},{"@type":"WebPage","@id":"https:\/\/www.fincasmallorcacharme.com\/blog\/palma-de-mallorca\/","url":"https:\/\/www.fincasmallorcacharme.com\/blog\/palma-de-mallorca\/","name":"Palma de Mallorca - Blog Mallorca Charme","isPartOf":{"@id":"https:\/\/www.fincasmallorcacharme.com\/blog\/en\/#website"},"primaryImageOfPage":{"@id":"https:\/\/www.fincasmallorcacharme.com\/blog\/palma-de-mallorca\/#primaryimage"},"image":{"@id":"https:\/\/www.fincasmallorcacharme.com\/blog\/palma-de-mallorca\/#primaryimage"},"thumbnailUrl":"https:\/\/www.fincasmallorcacharme.com\/blog\/wp-content\/uploads\/2017\/12\/palma.jpg","datePublished":"2017-12-29T11:04:01+00:00","dateModified":"2018-01-04T07:55:35+00:00","inLanguage":"de","potentialAction":[{"@type":"ReadAction","target":["https:\/\/www.fincasmallorcacharme.com\/blog\/palma-de-mallorca\/"]}]},{"@type":"ImageObject","inLanguage":"de","@id":"https:\/\/www.fincasmallorcacharme.com\/blog\/palma-de-mallorca\/#primaryimage","url":"https:\/\/www.fincasmallorcacharme.com\/blog\/wp-content\/uploads\/2017\/12\/palma.jpg","contentUrl":"https:\/\/www.fincasmallorcacharme.com\/blog\/wp-content\/uploads\/2017\/12\/palma.jpg","width":480,"height":360},{"@type":"WebSite","@id":"https:\/\/www.fincasmallorcacharme.com\/blog\/en\/#website","url":"https:\/\/www.fincasmallorcacharme.com\/blog\/en\/","name":"Blog Mallorca Charme","description":"Fincasmallorcacharme Blog","publisher":{"@id":"https:\/\/www.fincasmallorcacharme.com\/blog\/en\/#organization"},"potentialAction":[{"@type":"SearchAction","target":{"@type":"EntryPoint","urlTemplate":"https:\/\/www.fincasmallorcacharme.com\/blog\/en\/?s={search_term_string}"},"query-input":{"@type":"PropertyValueSpecification","valueRequired":true,"valueName":"search_term_string"}}],"inLanguage":"de"},{"@type":"Organization","@id":"https:\/\/www.fincasmallorcacharme.com\/blog\/en\/#organization","name":"Blog Mallorca Charme","url":"https:\/\/www.fincasmallorcacharme.com\/blog\/en\/","logo":{"@type":"ImageObject","inLanguage":"de","@id":"https:\/\/www.fincasmallorcacharme.com\/blog\/en\/#\/schema\/logo\/image\/","url":"https:\/\/www.fincasmallorcacharme.com\/blog\/wp-content\/uploads\/2020\/02\/cropped-headerrrrr-1.png","contentUrl":"https:\/\/www.fincasmallorcacharme.com\/blog\/wp-content\/uploads\/2020\/02\/cropped-headerrrrr-1.png","width":1250,"height":250,"caption":"Blog Mallorca Charme"},"image":{"@id":"https:\/\/www.fincasmallorcacharme.com\/blog\/en\/#\/schema\/logo\/image\/"}},{"@type":"Person","@id":"https:\/\/www.fincasmallorcacharme.com\/blog\/en\/#\/schema\/person\/335f2ad1ce51d3ab88517478d04fb7d7","name":"mallorcacharme","url":"https:\/\/www.fincasmallorcacharme.com\/blog\/de\/author\/mallorcacharme\/"}]}},"amp_enabled":true,"_links":{"self":[{"href":"https:\/\/www.fincasmallorcacharme.com\/blog\/de\/wp-json\/wp\/v2\/posts\/250","targetHints":{"allow":["GET"]}}],"collection":[{"href":"https:\/\/www.fincasmallorcacharme.com\/blog\/de\/wp-json\/wp\/v2\/posts"}],"about":[{"href":"https:\/\/www.fincasmallorcacharme.com\/blog\/de\/wp-json\/wp\/v2\/types\/post"}],"author":[{"embeddable":true,"href":"https:\/\/www.fincasmallorcacharme.com\/blog\/de\/wp-json\/wp\/v2\/users\/2"}],"replies":[{"embeddable":true,"href":"https:\/\/www.fincasmallorcacharme.com\/blog\/de\/wp-json\/wp\/v2\/comments?post=250"}],"version-history":[{"count":3,"href":"https:\/\/www.fincasmallorcacharme.com\/blog\/de\/wp-json\/wp\/v2\/posts\/250\/revisions"}],"predecessor-version":[{"id":384,"href":"https:\/\/www.fincasmallorcacharme.com\/blog\/de\/wp-json\/wp\/v2\/posts\/250\/revisions\/384"}],"wp:featuredmedia":[{"embeddable":true,"href":"https:\/\/www.fincasmallorcacharme.com\/blog\/de\/wp-json\/wp\/v2\/media\/251"}],"wp:attachment":[{"href":"https:\/\/www.fincasmallorcacharme.com\/blog\/de\/wp-json\/wp\/v2\/media?parent=250"}],"wp:term":[{"taxonomy":"category","embeddable":true,"href":"https:\/\/www.fincasmallorcacharme.com\/blog\/de\/wp-json\/wp\/v2\/categories?post=250"},{"taxonomy":"post_tag","embeddable":true,"href":"https:\/\/www.fincasmallorcacharme.com\/blog\/de\/wp-json\/wp\/v2\/tags?post=250"}],"curies":[{"name":"wp","href":"https:\/\/api.w.org\/{rel}","templated":true}]}}