{"id":247,"date":"2017-12-29T10:58:48","date_gmt":"2017-12-29T10:58:48","guid":{"rendered":"http:\/\/www.fincasmallorcacharme.com\/blog\/?p=247"},"modified":"2018-02-19T10:55:43","modified_gmt":"2018-02-19T10:55:43","slug":"migjorn","status":"publish","type":"post","link":"https:\/\/www.fincasmallorcacharme.com\/blog\/de\/migjorn\/","title":{"rendered":"Migjorn"},"content":{"rendered":"<h1 class=\"text-primary\">Migjorn<\/h1>\n<p><strong style=\"color: #000000;\">Migjorn<\/strong><span style=\"color: #000000;\">\u00a0ist eine\u00a0Landschaftszone\u00a0(katalanisch:\u00a0<\/span><em style=\"color: #000000;\">Comarca<\/em><span style=\"color: #000000;\">) auf der\u00a0<\/span><a style=\"color: #000000;\" title=\"Spanien\" href=\"https:\/\/de.wikipedia.org\/wiki\/Spanien\">spanischen<\/a><span style=\"color: #000000;\">\u00a0<\/span><a style=\"color: #000000;\" title=\"Balearische Inseln\" href=\"https:\/\/de.wikipedia.org\/wiki\/Balearische_Inseln\">Baleareninsel<\/a><span style=\"color: #000000;\">\u00a0<\/span><a style=\"color: #000000;\" title=\"Mallorca\" href=\"https:\/\/de.wikipedia.org\/wiki\/Mallorca\">Mallorca<\/a><span style=\"color: #000000;\">. Sie ist im Grunde die s\u00fcdliche Fortsetzung der Ebene\u00a0<\/span><em style=\"color: #000000;\"><a style=\"color: #000000;\" title=\"Pl\u00e0 de Mallorca\" href=\"https:\/\/de.wikipedia.org\/wiki\/Pl%C3%A0_de_Mallorca\">Pl\u00e0 de Mallorca<\/a><\/em><span style=\"color: #000000;\">. Trotz des eher flachen Charakters der Region besitzt die s\u00fcdlichste Landschaft Mallorcas eine Erhebung \u00fcber 500 Meter Meeresh\u00f6he. Auf dem 509 Meter hohen\u00a0<\/span><em style=\"color: #000000;\">Puig Sant Salvador<\/em><span style=\"color: #000000;\">\u00a0in der Gemeinde\u00a0<\/span><a style=\"color: #000000;\" title=\"Felanitx\" href=\"https:\/\/de.wikipedia.org\/wiki\/Felanitx\">F<\/a><span style=\"color: #000000;\">elanitx\u00a0befindet sich das Kloster\u00a0Santuari de Sant Salvador. Der Berg ist die h\u00f6chste Erhebung im s\u00fcdlichen Bereich der\u00a0<\/span><em style=\"color: #000000;\"><a style=\"color: #000000;\" title=\"Serres de Llevant\" href=\"https:\/\/de.wikipedia.org\/wiki\/Serres_de_Llevant\">Serres de Llevant<\/a><\/em><span style=\"color: #000000;\">.<\/span><\/p>\n<div class=\"views-field views-field-nothing\">\n<div class=\"container-fluid\">\n<div class=\"row-fluid\">\n<div class=\"row well\">\n<div class=\"\">\n<p><span style=\"color: #000000;\">Mit der Stadt\u00a0Campos\u00a0besitzt\u00a0<em>Migjorn<\/em>\u00a0ein Zentrum eher l\u00e4ndlichen Charakters. Die Landwirtschaft spielt hier auch heute noch eine gro\u00dfe Rolle. Eine Besonderheit sind die rund um den Ort kultivierten Kapernstr\u00e4ucher. Einen Gegensatz dazu bietet der Ort\u00a0<a style=\"color: #000000;\" title=\"Col\u00f2nia de Sant Jordi\" href=\"https:\/\/de.wikipedia.org\/wiki\/Col%C3%B2nia_de_Sant_Jordi\">Col\u00f2nia de Sant Jordi<\/a>, der ehemalige Hafen von Campos. Neben dem sechs Kilometer langen Strand von\u00a0<em><a style=\"color: #000000;\" title=\"Es Trenc\" href=\"https:\/\/de.wikipedia.org\/wiki\/Es_Trenc\">Es Trenc<\/a><\/em>\u00a0wurde hier ein Touristenzentrum mit \u00fcber 3000 Fremdenbetten errichtet. Bauruinen am n\u00f6rdlichen Teil von\u00a0<em>Es Trenc<\/em>\u00a0in der Siedlung\u00a0<a style=\"color: #000000;\" title=\"Ses Covetes (Seite nicht vorhanden)\" href=\"https:\/\/de.wikipedia.org\/w\/index.php?title=Ses_Covetes&amp;action=edit&amp;redlink=1\">ses Covetes<\/a>\u00a0zeugen vom Kampf gegen illegale Bebauung. Ein Gericht verf\u00fcgte den Abriss der hier neben dem Strand ohne Genehmigung errichteten, halb fertiggestellten H\u00e4user.<\/span><\/p>\n<p><span style=\"color: #000000;\"><a style=\"color: #000000;\" href=\"http:\/\/de.wikipedia.org\/wiki\/Migjorn\" target=\"_blank\" rel=\"noopener\">Visit Website<\/a><\/span><\/p>\n<\/div>\n<\/div>\n<\/div>\n<\/div>\n<\/div>\n<div class=\"views-field views-field-edit-node\"><\/div>\n<div class=\"views-field views-field-php\"><\/div>\n","protected":false},"excerpt":{"rendered":"<p>Migjorn Migjorn\u00a0ist eine\u00a0Landschaftszone\u00a0(katalanisch:\u00a0Comarca) auf der\u00a0spanischen\u00a0Baleareninsel\u00a0Mallorca. Sie ist im Grunde die s\u00fcdliche Fortsetzung der Ebene\u00a0Pl\u00e0 de Mallorca. Trotz des eher flachen Charakters der Region besitzt die s\u00fcdlichste Landschaft Mallorcas eine Erhebung \u00fcber 500 Meter Meeresh\u00f6he. Auf dem 509 Meter hohen\u00a0Puig Sant Salvador\u00a0in der Gemeinde\u00a0Felanitx\u00a0befindet sich das Kloster\u00a0Santuari de Sant Salvador. Der Berg ist die h\u00f6chste Erhebung&#8230;<\/p>\n","protected":false},"author":2,"featured_media":248,"comment_status":"open","ping_status":"closed","sticky":false,"template":"","format":"standard","meta":{"ngg_post_thumbnail":0,"footnotes":""},"categories":[2],"tags":[],"class_list":["post-247","post","type-post","status-publish","format-standard","has-post-thumbnail","hentry","category-orte"],"yoast_head":"<!-- This site is optimized with the Yoast SEO plugin v26.2 - https:\/\/yoast.com\/wordpress\/plugins\/seo\/ -->\n<title>Migjorn - Blog Mallorca Charme<\/title>\n<meta name=\"robots\" content=\"noindex, follow\" \/>\n<meta property=\"og:locale\" content=\"de_DE\" \/>\n<meta property=\"og:type\" content=\"article\" \/>\n<meta property=\"og:title\" content=\"Migjorn - Blog Mallorca Charme\" \/>\n<meta property=\"og:description\" content=\"Migjorn Migjorn\u00a0ist eine\u00a0Landschaftszone\u00a0(katalanisch:\u00a0Comarca) auf der\u00a0spanischen\u00a0Baleareninsel\u00a0Mallorca. Sie ist im Grunde die s\u00fcdliche Fortsetzung der Ebene\u00a0Pl\u00e0 de Mallorca. Trotz des eher flachen Charakters der Region besitzt die s\u00fcdlichste Landschaft Mallorcas eine Erhebung \u00fcber 500 Meter Meeresh\u00f6he. Auf dem 509 Meter hohen\u00a0Puig Sant Salvador\u00a0in der Gemeinde\u00a0Felanitx\u00a0befindet sich das Kloster\u00a0Santuari de Sant Salvador. Der Berg ist die h\u00f6chste Erhebung...\" \/>\n<meta property=\"og:url\" content=\"https:\/\/www.fincasmallorcacharme.com\/blog\/migjorn-2\/\" \/>\n<meta property=\"og:site_name\" content=\"Blog Mallorca Charme\" \/>\n<meta property=\"article:published_time\" content=\"2017-12-29T10:58:48+00:00\" \/>\n<meta property=\"article:modified_time\" content=\"2018-02-19T10:55:43+00:00\" \/>\n<meta property=\"og:image\" content=\"https:\/\/www.fincasmallorcacharme.com\/blog\/wp-content\/uploads\/2017\/12\/mitjorn.png\" \/>\n\t<meta property=\"og:image:width\" content=\"440\" \/>\n\t<meta property=\"og:image:height\" content=\"413\" \/>\n\t<meta property=\"og:image:type\" content=\"image\/png\" \/>\n<meta name=\"author\" content=\"mallorcacharme\" \/>\n<meta name=\"twitter:card\" content=\"summary_large_image\" \/>\n<meta name=\"twitter:label1\" content=\"Verfasst von\" \/>\n\t<meta name=\"twitter:data1\" content=\"mallorcacharme\" \/>\n\t<meta name=\"twitter:label2\" content=\"Gesch\u00e4tzte Lesezeit\" \/>\n\t<meta name=\"twitter:data2\" content=\"1\u00a0Minute\" \/>\n<script type=\"application\/ld+json\" class=\"yoast-schema-graph\">{\"@context\":\"https:\/\/schema.org\",\"@graph\":[{\"@type\":\"Article\",\"@id\":\"https:\/\/www.fincasmallorcacharme.com\/blog\/migjorn-2\/#article\",\"isPartOf\":{\"@id\":\"https:\/\/www.fincasmallorcacharme.com\/blog\/migjorn-2\/\"},\"author\":{\"name\":\"mallorcacharme\",\"@id\":\"https:\/\/www.fincasmallorcacharme.com\/blog\/en\/#\/schema\/person\/335f2ad1ce51d3ab88517478d04fb7d7\"},\"headline\":\"Migjorn\",\"datePublished\":\"2017-12-29T10:58:48+00:00\",\"dateModified\":\"2018-02-19T10:55:43+00:00\",\"mainEntityOfPage\":{\"@id\":\"https:\/\/www.fincasmallorcacharme.com\/blog\/migjorn-2\/\"},\"wordCount\":186,\"commentCount\":0,\"publisher\":{\"@id\":\"https:\/\/www.fincasmallorcacharme.com\/blog\/en\/#organization\"},\"image\":{\"@id\":\"https:\/\/www.fincasmallorcacharme.com\/blog\/migjorn-2\/#primaryimage\"},\"thumbnailUrl\":\"https:\/\/www.fincasmallorcacharme.com\/blog\/wp-content\/uploads\/2017\/12\/mitjorn.png\",\"articleSection\":[\"Orte\"],\"inLanguage\":\"de\",\"potentialAction\":[{\"@type\":\"CommentAction\",\"name\":\"Comment\",\"target\":[\"https:\/\/www.fincasmallorcacharme.com\/blog\/migjorn-2\/#respond\"]}]},{\"@type\":\"WebPage\",\"@id\":\"https:\/\/www.fincasmallorcacharme.com\/blog\/migjorn-2\/\",\"url\":\"https:\/\/www.fincasmallorcacharme.com\/blog\/migjorn-2\/\",\"name\":\"Migjorn - Blog Mallorca Charme\",\"isPartOf\":{\"@id\":\"https:\/\/www.fincasmallorcacharme.com\/blog\/en\/#website\"},\"primaryImageOfPage\":{\"@id\":\"https:\/\/www.fincasmallorcacharme.com\/blog\/migjorn-2\/#primaryimage\"},\"image\":{\"@id\":\"https:\/\/www.fincasmallorcacharme.com\/blog\/migjorn-2\/#primaryimage\"},\"thumbnailUrl\":\"https:\/\/www.fincasmallorcacharme.com\/blog\/wp-content\/uploads\/2017\/12\/mitjorn.png\",\"datePublished\":\"2017-12-29T10:58:48+00:00\",\"dateModified\":\"2018-02-19T10:55:43+00:00\",\"inLanguage\":\"de\",\"potentialAction\":[{\"@type\":\"ReadAction\",\"target\":[\"https:\/\/www.fincasmallorcacharme.com\/blog\/migjorn-2\/\"]}]},{\"@type\":\"ImageObject\",\"inLanguage\":\"de\",\"@id\":\"https:\/\/www.fincasmallorcacharme.com\/blog\/migjorn-2\/#primaryimage\",\"url\":\"https:\/\/www.fincasmallorcacharme.com\/blog\/wp-content\/uploads\/2017\/12\/mitjorn.png\",\"contentUrl\":\"https:\/\/www.fincasmallorcacharme.com\/blog\/wp-content\/uploads\/2017\/12\/mitjorn.png\",\"width\":440,\"height\":413},{\"@type\":\"WebSite\",\"@id\":\"https:\/\/www.fincasmallorcacharme.com\/blog\/en\/#website\",\"url\":\"https:\/\/www.fincasmallorcacharme.com\/blog\/en\/\",\"name\":\"Blog Mallorca Charme\",\"description\":\"Fincasmallorcacharme Blog\",\"publisher\":{\"@id\":\"https:\/\/www.fincasmallorcacharme.com\/blog\/en\/#organization\"},\"potentialAction\":[{\"@type\":\"SearchAction\",\"target\":{\"@type\":\"EntryPoint\",\"urlTemplate\":\"https:\/\/www.fincasmallorcacharme.com\/blog\/en\/?s={search_term_string}\"},\"query-input\":{\"@type\":\"PropertyValueSpecification\",\"valueRequired\":true,\"valueName\":\"search_term_string\"}}],\"inLanguage\":\"de\"},{\"@type\":\"Organization\",\"@id\":\"https:\/\/www.fincasmallorcacharme.com\/blog\/en\/#organization\",\"name\":\"Blog Mallorca Charme\",\"url\":\"https:\/\/www.fincasmallorcacharme.com\/blog\/en\/\",\"logo\":{\"@type\":\"ImageObject\",\"inLanguage\":\"de\",\"@id\":\"https:\/\/www.fincasmallorcacharme.com\/blog\/en\/#\/schema\/logo\/image\/\",\"url\":\"https:\/\/www.fincasmallorcacharme.com\/blog\/wp-content\/uploads\/2020\/02\/cropped-headerrrrr-1.png\",\"contentUrl\":\"https:\/\/www.fincasmallorcacharme.com\/blog\/wp-content\/uploads\/2020\/02\/cropped-headerrrrr-1.png\",\"width\":1250,\"height\":250,\"caption\":\"Blog Mallorca Charme\"},\"image\":{\"@id\":\"https:\/\/www.fincasmallorcacharme.com\/blog\/en\/#\/schema\/logo\/image\/\"}},{\"@type\":\"Person\",\"@id\":\"https:\/\/www.fincasmallorcacharme.com\/blog\/en\/#\/schema\/person\/335f2ad1ce51d3ab88517478d04fb7d7\",\"name\":\"mallorcacharme\",\"url\":\"https:\/\/www.fincasmallorcacharme.com\/blog\/de\/author\/mallorcacharme\/\"}]}<\/script>\n<!-- \/ Yoast SEO plugin. -->","yoast_head_json":{"title":"Migjorn - Blog Mallorca Charme","robots":{"index":"noindex","follow":"follow"},"og_locale":"de_DE","og_type":"article","og_title":"Migjorn - Blog Mallorca Charme","og_description":"Migjorn Migjorn\u00a0ist eine\u00a0Landschaftszone\u00a0(katalanisch:\u00a0Comarca) auf der\u00a0spanischen\u00a0Baleareninsel\u00a0Mallorca. Sie ist im Grunde die s\u00fcdliche Fortsetzung der Ebene\u00a0Pl\u00e0 de Mallorca. Trotz des eher flachen Charakters der Region besitzt die s\u00fcdlichste Landschaft Mallorcas eine Erhebung \u00fcber 500 Meter Meeresh\u00f6he. Auf dem 509 Meter hohen\u00a0Puig Sant Salvador\u00a0in der Gemeinde\u00a0Felanitx\u00a0befindet sich das Kloster\u00a0Santuari de Sant Salvador. Der Berg ist die h\u00f6chste Erhebung...","og_url":"https:\/\/www.fincasmallorcacharme.com\/blog\/migjorn-2\/","og_site_name":"Blog Mallorca Charme","article_published_time":"2017-12-29T10:58:48+00:00","article_modified_time":"2018-02-19T10:55:43+00:00","og_image":[{"width":440,"height":413,"url":"https:\/\/www.fincasmallorcacharme.com\/blog\/wp-content\/uploads\/2017\/12\/mitjorn.png","type":"image\/png"}],"author":"mallorcacharme","twitter_card":"summary_large_image","twitter_misc":{"Verfasst von":"mallorcacharme","Gesch\u00e4tzte Lesezeit":"1\u00a0Minute"},"schema":{"@context":"https:\/\/schema.org","@graph":[{"@type":"Article","@id":"https:\/\/www.fincasmallorcacharme.com\/blog\/migjorn-2\/#article","isPartOf":{"@id":"https:\/\/www.fincasmallorcacharme.com\/blog\/migjorn-2\/"},"author":{"name":"mallorcacharme","@id":"https:\/\/www.fincasmallorcacharme.com\/blog\/en\/#\/schema\/person\/335f2ad1ce51d3ab88517478d04fb7d7"},"headline":"Migjorn","datePublished":"2017-12-29T10:58:48+00:00","dateModified":"2018-02-19T10:55:43+00:00","mainEntityOfPage":{"@id":"https:\/\/www.fincasmallorcacharme.com\/blog\/migjorn-2\/"},"wordCount":186,"commentCount":0,"publisher":{"@id":"https:\/\/www.fincasmallorcacharme.com\/blog\/en\/#organization"},"image":{"@id":"https:\/\/www.fincasmallorcacharme.com\/blog\/migjorn-2\/#primaryimage"},"thumbnailUrl":"https:\/\/www.fincasmallorcacharme.com\/blog\/wp-content\/uploads\/2017\/12\/mitjorn.png","articleSection":["Orte"],"inLanguage":"de","potentialAction":[{"@type":"CommentAction","name":"Comment","target":["https:\/\/www.fincasmallorcacharme.com\/blog\/migjorn-2\/#respond"]}]},{"@type":"WebPage","@id":"https:\/\/www.fincasmallorcacharme.com\/blog\/migjorn-2\/","url":"https:\/\/www.fincasmallorcacharme.com\/blog\/migjorn-2\/","name":"Migjorn - Blog Mallorca Charme","isPartOf":{"@id":"https:\/\/www.fincasmallorcacharme.com\/blog\/en\/#website"},"primaryImageOfPage":{"@id":"https:\/\/www.fincasmallorcacharme.com\/blog\/migjorn-2\/#primaryimage"},"image":{"@id":"https:\/\/www.fincasmallorcacharme.com\/blog\/migjorn-2\/#primaryimage"},"thumbnailUrl":"https:\/\/www.fincasmallorcacharme.com\/blog\/wp-content\/uploads\/2017\/12\/mitjorn.png","datePublished":"2017-12-29T10:58:48+00:00","dateModified":"2018-02-19T10:55:43+00:00","inLanguage":"de","potentialAction":[{"@type":"ReadAction","target":["https:\/\/www.fincasmallorcacharme.com\/blog\/migjorn-2\/"]}]},{"@type":"ImageObject","inLanguage":"de","@id":"https:\/\/www.fincasmallorcacharme.com\/blog\/migjorn-2\/#primaryimage","url":"https:\/\/www.fincasmallorcacharme.com\/blog\/wp-content\/uploads\/2017\/12\/mitjorn.png","contentUrl":"https:\/\/www.fincasmallorcacharme.com\/blog\/wp-content\/uploads\/2017\/12\/mitjorn.png","width":440,"height":413},{"@type":"WebSite","@id":"https:\/\/www.fincasmallorcacharme.com\/blog\/en\/#website","url":"https:\/\/www.fincasmallorcacharme.com\/blog\/en\/","name":"Blog Mallorca Charme","description":"Fincasmallorcacharme Blog","publisher":{"@id":"https:\/\/www.fincasmallorcacharme.com\/blog\/en\/#organization"},"potentialAction":[{"@type":"SearchAction","target":{"@type":"EntryPoint","urlTemplate":"https:\/\/www.fincasmallorcacharme.com\/blog\/en\/?s={search_term_string}"},"query-input":{"@type":"PropertyValueSpecification","valueRequired":true,"valueName":"search_term_string"}}],"inLanguage":"de"},{"@type":"Organization","@id":"https:\/\/www.fincasmallorcacharme.com\/blog\/en\/#organization","name":"Blog Mallorca Charme","url":"https:\/\/www.fincasmallorcacharme.com\/blog\/en\/","logo":{"@type":"ImageObject","inLanguage":"de","@id":"https:\/\/www.fincasmallorcacharme.com\/blog\/en\/#\/schema\/logo\/image\/","url":"https:\/\/www.fincasmallorcacharme.com\/blog\/wp-content\/uploads\/2020\/02\/cropped-headerrrrr-1.png","contentUrl":"https:\/\/www.fincasmallorcacharme.com\/blog\/wp-content\/uploads\/2020\/02\/cropped-headerrrrr-1.png","width":1250,"height":250,"caption":"Blog Mallorca Charme"},"image":{"@id":"https:\/\/www.fincasmallorcacharme.com\/blog\/en\/#\/schema\/logo\/image\/"}},{"@type":"Person","@id":"https:\/\/www.fincasmallorcacharme.com\/blog\/en\/#\/schema\/person\/335f2ad1ce51d3ab88517478d04fb7d7","name":"mallorcacharme","url":"https:\/\/www.fincasmallorcacharme.com\/blog\/de\/author\/mallorcacharme\/"}]}},"amp_enabled":true,"_links":{"self":[{"href":"https:\/\/www.fincasmallorcacharme.com\/blog\/de\/wp-json\/wp\/v2\/posts\/247","targetHints":{"allow":["GET"]}}],"collection":[{"href":"https:\/\/www.fincasmallorcacharme.com\/blog\/de\/wp-json\/wp\/v2\/posts"}],"about":[{"href":"https:\/\/www.fincasmallorcacharme.com\/blog\/de\/wp-json\/wp\/v2\/types\/post"}],"author":[{"embeddable":true,"href":"https:\/\/www.fincasmallorcacharme.com\/blog\/de\/wp-json\/wp\/v2\/users\/2"}],"replies":[{"embeddable":true,"href":"https:\/\/www.fincasmallorcacharme.com\/blog\/de\/wp-json\/wp\/v2\/comments?post=247"}],"version-history":[{"count":2,"href":"https:\/\/www.fincasmallorcacharme.com\/blog\/de\/wp-json\/wp\/v2\/posts\/247\/revisions"}],"predecessor-version":[{"id":385,"href":"https:\/\/www.fincasmallorcacharme.com\/blog\/de\/wp-json\/wp\/v2\/posts\/247\/revisions\/385"}],"wp:featuredmedia":[{"embeddable":true,"href":"https:\/\/www.fincasmallorcacharme.com\/blog\/de\/wp-json\/wp\/v2\/media\/248"}],"wp:attachment":[{"href":"https:\/\/www.fincasmallorcacharme.com\/blog\/de\/wp-json\/wp\/v2\/media?parent=247"}],"wp:term":[{"taxonomy":"category","embeddable":true,"href":"https:\/\/www.fincasmallorcacharme.com\/blog\/de\/wp-json\/wp\/v2\/categories?post=247"},{"taxonomy":"post_tag","embeddable":true,"href":"https:\/\/www.fincasmallorcacharme.com\/blog\/de\/wp-json\/wp\/v2\/tags?post=247"}],"curies":[{"name":"wp","href":"https:\/\/api.w.org\/{rel}","templated":true}]}}