{"id":2423,"date":"2020-08-21T15:07:42","date_gmt":"2020-08-21T15:07:42","guid":{"rendered":"http:\/\/www.fincasmallorcacharme.com\/blog\/?p=2423"},"modified":"2020-08-21T15:07:42","modified_gmt":"2020-08-21T15:07:42","slug":"fornalutx","status":"publish","type":"post","link":"https:\/\/www.fincasmallorcacharme.com\/blog\/de\/fornalutx\/","title":{"rendered":"Fornalutx"},"content":{"rendered":"<p style=\"text-align: center;\">Fornalutx ist ein authentisches mallorquinisches Bergdorf, das auf dem Gipfel der Sierra de Tramuntana, oberhalb des Tals von S\u00f3ller, liegt. Es ist voll von Fincas und Steinbauten, deren rote D\u00e4cher sich perfekt mit dem Aroma der umliegenden Orangen- und Zitronenhaine verbinden und ihm einen rustikalen Charme verleihen.<\/p>\n<p style=\"text-align: center;\">Es ist nicht \u00fcberraschend, dass es das erste mallorquinische Dorf war, das in die Liste der sch\u00f6nsten D\u00f6rfer Spaniens aufgenommen wurde.<\/p>\n<p style=\"text-align: center;\">Wenn Sie mehr \u00fcber die Geschichte, Kultur und Gastronomie von Fornalutx erfahren und sich f\u00fcr ein paar Tage mit Ihrer Familie entspannen m\u00f6chten, dann <a href=\"https:\/\/www.fincasmallorcacharme.com\/de\/\" target=\"_blank\" rel=\"noopener noreferrer\">buchen Sie<\/a> jetzt hier.<\/p>\n<p>&nbsp;<\/p>\n<div id=\"toc_container\" class=\"no_bullets\"><p class=\"toc_title\">&Uuml;bersicht<\/p><ul class=\"toc_list\"><li><a href=\"#Was_es_in_Fornalutx_zu_sehen_gibt\"><span class=\"toc_number toc_depth_1\">1<\/span> Was es in Fornalutx zu sehen gibt<\/a><\/li><li><a href=\"#Zusaetzliche_Informationen_von_Fornalutx\"><span class=\"toc_number toc_depth_1\">2<\/span> Zus\u00e4tzliche Informationen von Fornalutx<\/a><ul><li><a href=\"#Nahegelegene_Straende\"><span class=\"toc_number toc_depth_2\">2.1<\/span> Nahegelegene Str\u00e4nde<\/a><\/li><li><a href=\"#Deia-Bucht\"><span class=\"toc_number toc_depth_2\">2.2<\/span> Dei\u00e0-Bucht<\/a><\/li><\/ul><\/li><\/ul><\/div>\n<h2 style=\"text-align: center;\"><span id=\"Was_es_in_Fornalutx_zu_sehen_gibt\">Was es in Fornalutx zu sehen gibt<\/span><\/h2>\n<p>&nbsp;<\/p>\n<p><img fetchpriority=\"high\" decoding=\"async\" class=\"aligncenter size-full wp-image-2427\" src=\"http:\/\/www.fincasmallorcacharme.com\/blog\/wp-content\/uploads\/2020\/08\/Diseno-sin-titulo-2020-08-21T164626.838.jpg\" alt=\"Fornalutx Sehenwertes\" width=\"768\" height=\"488\" srcset=\"https:\/\/www.fincasmallorcacharme.com\/blog\/wp-content\/uploads\/2020\/08\/Diseno-sin-titulo-2020-08-21T164626.838.jpg 768w, https:\/\/www.fincasmallorcacharme.com\/blog\/wp-content\/uploads\/2020\/08\/Diseno-sin-titulo-2020-08-21T164626.838-300x191.jpg 300w\" sizes=\"(max-width: 768px) 100vw, 768px\" \/><\/p>\n<p>&nbsp;<\/p>\n<p style=\"text-align: center;\">Die Hauptattraktion der Stadt ist zweifelsohne das Dorf selbst. Die M\u00f6glichkeit, durch seine engen Gassen zu spazieren und dabei seine Architektur und traditionelle Sch\u00f6nheit zu bewundern, ist faszinierend und einer der Gr\u00fcnde, warum es jedes Jahr Tausende von Touristen anzieht.<\/p>\n<p style=\"text-align: center;\">Eines der herausragendsten Geb\u00e4ude ist das Rathaus, das einen Verteidigungsturm aus dem 17. Jahrhundert hat. Die Kirche ist ein weiterer Ort, den wir besichtigen k\u00f6nnen, da sie eine einzigartige Kombination aus ihren urspr\u00fcnglichen gotischen Merkmalen und den sp\u00e4ter durchgef\u00fchrten Reformen im Barockstil darstellt.<\/p>\n<p style=\"text-align: center;\">Der Hauptplatz ist die Plaza de Espa\u00f1a, die von Caf\u00e9s und Gesch\u00e4ften umgeben ist. Neben dem Platz steht die Kirche von Fornalutx, deren Urspr\u00fcnge bis ins 13. Jahrhundert zur\u00fcckreichen. Gerade um die Kirche herum, in dem h\u00f6her gelegenen Teil des Dorfes, befinden sich die malerischsten Stra\u00dfen.<\/p>\n<h2 style=\"text-align: center;\"><span id=\"Zusaetzliche_Informationen_von_Fornalutx\">Zus\u00e4tzliche Informationen von Fornalutx<\/span><\/h2>\n<p>&nbsp;<\/p>\n<p style=\"text-align: center;\">Jedes Jahr am 8. und 9. September gibt es einen Jahrmarkt mit einem Kunsthandwerksmarkt und lustigen Aktivit\u00e4ten f\u00fcr Kinder, wie H\u00fcpfburgen und eine Schaumstoffkanone. In der letzten Nacht des Festes verwandelt sich das Dorf in ein richtiges Fest mit Musik und Feuerwerk.<\/p>\n<p style=\"text-align: center;\">F\u00fcr Wanderfreunde gibt es mehrere interessante Routen, wie z.B. die Route von S\u00f3ller nach Fornalutx \u00fcber den Mirador de Ses Barques; oder die Route entlang des Cam\u00ed de Sa Figuera, die Fornalutx mit Port de S\u00f3ller verbindet.<\/p>\n<p style=\"text-align: center;\">Dar\u00fcber hinaus sind die Verkehrsverbindungen von Fornalutx aus bestens. Der Zugang zur Stra\u00dfe ist einfach und die Hauptstadt der Insel, Palma, ist nur 40 Minuten entfernt.<\/p>\n<p><img decoding=\"async\" class=\"aligncenter size-full wp-image-2430\" src=\"http:\/\/www.fincasmallorcacharme.com\/blog\/wp-content\/uploads\/2020\/08\/Diseno-sin-titulo-2020-08-21T165538.235.jpg\" alt=\"Mirador de Ses Barques Fornalutx\" width=\"768\" height=\"488\" srcset=\"https:\/\/www.fincasmallorcacharme.com\/blog\/wp-content\/uploads\/2020\/08\/Diseno-sin-titulo-2020-08-21T165538.235.jpg 768w, https:\/\/www.fincasmallorcacharme.com\/blog\/wp-content\/uploads\/2020\/08\/Diseno-sin-titulo-2020-08-21T165538.235-300x191.jpg 300w\" sizes=\"(max-width: 768px) 100vw, 768px\" \/><\/p>\n<p>&nbsp;<\/p>\n<h3 style=\"text-align: center;\"><span id=\"Nahegelegene_Straende\">Nahegelegene Str\u00e4nde<\/span><\/h3>\n<p>&nbsp;<\/p>\n<p>Cala Dei\u00e0 ist eine Steinbucht in der N\u00e4he des Dorfes Dei\u00e0. Es ist ein idyllischer und sehr touristischer Ort. Es gibt einen Bereich auf den Felsen mit einer Treppe, von der aus sich die mutigsten Menschen ins Meer st\u00fcrzen. Es ist eine wundersch\u00f6ne Bucht mit unglaublichen Aussichten, aber ein bisschen ungem\u00fctlich, weil es keinen Sand gibt.<\/p>\n<p><img decoding=\"async\" class=\"aligncenter size-full wp-image-2433\" src=\"http:\/\/www.fincasmallorcacharme.com\/blog\/wp-content\/uploads\/2020\/08\/Diseno-sin-titulo-2020-08-21T165940.462.jpg\" alt=\"Sa foradada Mallorca\" width=\"768\" height=\"488\" srcset=\"https:\/\/www.fincasmallorcacharme.com\/blog\/wp-content\/uploads\/2020\/08\/Diseno-sin-titulo-2020-08-21T165940.462.jpg 768w, https:\/\/www.fincasmallorcacharme.com\/blog\/wp-content\/uploads\/2020\/08\/Diseno-sin-titulo-2020-08-21T165940.462-300x191.jpg 300w\" sizes=\"(max-width: 768px) 100vw, 768px\" \/><\/p>\n<p>&nbsp;<\/p>\n<p style=\"text-align: center;\">Sa Foradada ist eine wundersch\u00f6ne Felsbucht auf dem Landgut Son Marroig in Dei\u00e0. Man erreicht ihn, indem man einige Privatgrundst\u00fccke durchquert und einen sch\u00f6nen 40-min\u00fctigen Ausflug vom Parkplatz zur Bucht macht. Es handelt sich um einen der symboltr\u00e4chtigsten Orte der Insel Mallorca, an dem Touristen und Einheimische gleicherma\u00dfen t\u00e4glich ankommen, um seinen ikonischen gro\u00dfen Felsen mit L\u00f6chern zu sehen.<\/p>\n<h3 style=\"text-align: center;\"><span id=\"Deia-Bucht\">Dei\u00e0-Bucht<\/span><\/h3>\n<p style=\"text-align: center;\">Platja d&#8217;en Repic ist ein Strand aus Sand und Steinen im Hafen von S\u00f3ller. Dar\u00fcber hinaus ist Platja d&#8217;es Traves oder Port de S\u00f3ller ein Strand ganz in der N\u00e4he des Hafens. Es hat den Komfort, ganz in der N\u00e4he einiger Hotels zu sein, und eine unglaubliche Aussicht. Im Hafen k\u00f6nnen Sie Katamaranausfl\u00fcge nach Sa Calobra, Torrent de Pareis und Cala Tuent mieten.<\/p>\n<p><img loading=\"lazy\" decoding=\"async\" class=\"aligncenter size-full wp-image-2436\" src=\"http:\/\/www.fincasmallorcacharme.com\/blog\/wp-content\/uploads\/2020\/08\/Diseno-sin-titulo-2020-08-21T170414.191.jpg\" alt=\"cala tuent bucht\" width=\"768\" height=\"488\" srcset=\"https:\/\/www.fincasmallorcacharme.com\/blog\/wp-content\/uploads\/2020\/08\/Diseno-sin-titulo-2020-08-21T170414.191.jpg 768w, https:\/\/www.fincasmallorcacharme.com\/blog\/wp-content\/uploads\/2020\/08\/Diseno-sin-titulo-2020-08-21T170414.191-300x191.jpg 300w\" sizes=\"(max-width: 768px) 100vw, 768px\" \/><\/p>\n<p style=\"text-align: center;\">&nbsp;<\/p>\n<p style=\"text-align: center;\">Wenn Sie die Geschichte, Kultur und Gastronomie von Fornalutx kennen lernen und ein paar Tage mit der Familie ausruhen m\u00f6chten, <a href=\"https:\/\/www.fincasmallorcacharme.com\/de\/\" target=\"_blank\" rel=\"noopener noreferrer\">buchen Sie hier<\/a>.<\/p>\n","protected":false},"excerpt":{"rendered":"<p>Fornalutx ist ein authentisches mallorquinisches Bergdorf, das auf dem Gipfel der Sierra de Tramuntana, oberhalb des Tals von S\u00f3ller, liegt. Es ist voll von Fincas und Steinbauten, deren rote D\u00e4cher sich perfekt mit dem Aroma der umliegenden Orangen- und Zitronenhaine verbinden und ihm einen rustikalen Charme verleihen. Es ist nicht \u00fcberraschend, dass es das erste&#8230;<\/p>\n","protected":false},"author":2,"featured_media":2424,"comment_status":"open","ping_status":"closed","sticky":false,"template":"","format":"standard","meta":{"ngg_post_thumbnail":0,"footnotes":""},"categories":[58],"tags":[],"class_list":["post-2423","post","type-post","status-publish","format-standard","has-post-thumbnail","hentry","category-sehenswuerdigkeiten"],"yoast_head":"<!-- This site is optimized with the Yoast SEO plugin v26.2 - https:\/\/yoast.com\/wordpress\/plugins\/seo\/ -->\n<title>Fornalutx - Blog Mallorca Charme<\/title>\n<meta name=\"description\" content=\"Fornalutx ist ein authentisches mallorquinisches Bergdorf, das auf dem Gipfel der Sierra de Tramuntana, oberhalb des Tals von S\u00f3ller, liegt.\" \/>\n<meta name=\"robots\" content=\"index, follow, max-snippet:-1, max-image-preview:large, max-video-preview:-1\" \/>\n<link rel=\"canonical\" href=\"https:\/\/www.fincasmallorcacharme.com\/blog\/fornalutx\/\" \/>\n<meta property=\"og:locale\" content=\"de_DE\" \/>\n<meta property=\"og:type\" content=\"article\" \/>\n<meta property=\"og:title\" content=\"Fornalutx - Blog Mallorca Charme\" \/>\n<meta property=\"og:description\" content=\"Fornalutx ist ein authentisches mallorquinisches Bergdorf, das auf dem Gipfel der Sierra de Tramuntana, oberhalb des Tals von S\u00f3ller, liegt.\" \/>\n<meta property=\"og:url\" content=\"https:\/\/www.fincasmallorcacharme.com\/blog\/fornalutx\/\" \/>\n<meta property=\"og:site_name\" content=\"Blog Mallorca Charme\" \/>\n<meta property=\"article:published_time\" content=\"2020-08-21T15:07:42+00:00\" \/>\n<meta property=\"og:image\" content=\"https:\/\/www.fincasmallorcacharme.com\/blog\/wp-content\/uploads\/2020\/08\/Diseno-sin-titulo-2020-08-21T164111.989.jpg\" \/>\n\t<meta property=\"og:image:width\" content=\"768\" \/>\n\t<meta property=\"og:image:height\" content=\"488\" \/>\n\t<meta property=\"og:image:type\" content=\"image\/jpeg\" \/>\n<meta name=\"author\" content=\"mallorcacharme\" \/>\n<meta name=\"twitter:card\" content=\"summary_large_image\" \/>\n<meta name=\"twitter:label1\" content=\"Verfasst von\" \/>\n\t<meta name=\"twitter:data1\" content=\"mallorcacharme\" \/>\n\t<meta name=\"twitter:label2\" content=\"Gesch\u00e4tzte Lesezeit\" \/>\n\t<meta name=\"twitter:data2\" content=\"3\u00a0Minuten\" \/>\n<script type=\"application\/ld+json\" class=\"yoast-schema-graph\">{\"@context\":\"https:\/\/schema.org\",\"@graph\":[{\"@type\":\"Article\",\"@id\":\"https:\/\/www.fincasmallorcacharme.com\/blog\/fornalutx\/#article\",\"isPartOf\":{\"@id\":\"https:\/\/www.fincasmallorcacharme.com\/blog\/fornalutx\/\"},\"author\":{\"name\":\"mallorcacharme\",\"@id\":\"https:\/\/www.fincasmallorcacharme.com\/blog\/en\/#\/schema\/person\/335f2ad1ce51d3ab88517478d04fb7d7\"},\"headline\":\"Fornalutx\",\"datePublished\":\"2020-08-21T15:07:42+00:00\",\"mainEntityOfPage\":{\"@id\":\"https:\/\/www.fincasmallorcacharme.com\/blog\/fornalutx\/\"},\"wordCount\":605,\"commentCount\":0,\"publisher\":{\"@id\":\"https:\/\/www.fincasmallorcacharme.com\/blog\/en\/#organization\"},\"image\":{\"@id\":\"https:\/\/www.fincasmallorcacharme.com\/blog\/fornalutx\/#primaryimage\"},\"thumbnailUrl\":\"https:\/\/www.fincasmallorcacharme.com\/blog\/wp-content\/uploads\/2020\/08\/Diseno-sin-titulo-2020-08-21T164111.989.jpg\",\"articleSection\":[\"Sehensw\u00fcrdigkeiten\"],\"inLanguage\":\"de\",\"potentialAction\":[{\"@type\":\"CommentAction\",\"name\":\"Comment\",\"target\":[\"https:\/\/www.fincasmallorcacharme.com\/blog\/fornalutx\/#respond\"]}]},{\"@type\":\"WebPage\",\"@id\":\"https:\/\/www.fincasmallorcacharme.com\/blog\/fornalutx\/\",\"url\":\"https:\/\/www.fincasmallorcacharme.com\/blog\/fornalutx\/\",\"name\":\"Fornalutx - Blog Mallorca Charme\",\"isPartOf\":{\"@id\":\"https:\/\/www.fincasmallorcacharme.com\/blog\/en\/#website\"},\"primaryImageOfPage\":{\"@id\":\"https:\/\/www.fincasmallorcacharme.com\/blog\/fornalutx\/#primaryimage\"},\"image\":{\"@id\":\"https:\/\/www.fincasmallorcacharme.com\/blog\/fornalutx\/#primaryimage\"},\"thumbnailUrl\":\"https:\/\/www.fincasmallorcacharme.com\/blog\/wp-content\/uploads\/2020\/08\/Diseno-sin-titulo-2020-08-21T164111.989.jpg\",\"datePublished\":\"2020-08-21T15:07:42+00:00\",\"description\":\"Fornalutx ist ein authentisches mallorquinisches Bergdorf, das auf dem Gipfel der Sierra de Tramuntana, oberhalb des Tals von S\u00f3ller, liegt.\",\"inLanguage\":\"de\",\"potentialAction\":[{\"@type\":\"ReadAction\",\"target\":[\"https:\/\/www.fincasmallorcacharme.com\/blog\/fornalutx\/\"]}]},{\"@type\":\"ImageObject\",\"inLanguage\":\"de\",\"@id\":\"https:\/\/www.fincasmallorcacharme.com\/blog\/fornalutx\/#primaryimage\",\"url\":\"https:\/\/www.fincasmallorcacharme.com\/blog\/wp-content\/uploads\/2020\/08\/Diseno-sin-titulo-2020-08-21T164111.989.jpg\",\"contentUrl\":\"https:\/\/www.fincasmallorcacharme.com\/blog\/wp-content\/uploads\/2020\/08\/Diseno-sin-titulo-2020-08-21T164111.989.jpg\",\"width\":768,\"height\":488,\"caption\":\"Fornalutx\"},{\"@type\":\"WebSite\",\"@id\":\"https:\/\/www.fincasmallorcacharme.com\/blog\/en\/#website\",\"url\":\"https:\/\/www.fincasmallorcacharme.com\/blog\/en\/\",\"name\":\"Blog Mallorca Charme\",\"description\":\"Fincasmallorcacharme Blog\",\"publisher\":{\"@id\":\"https:\/\/www.fincasmallorcacharme.com\/blog\/en\/#organization\"},\"potentialAction\":[{\"@type\":\"SearchAction\",\"target\":{\"@type\":\"EntryPoint\",\"urlTemplate\":\"https:\/\/www.fincasmallorcacharme.com\/blog\/en\/?s={search_term_string}\"},\"query-input\":{\"@type\":\"PropertyValueSpecification\",\"valueRequired\":true,\"valueName\":\"search_term_string\"}}],\"inLanguage\":\"de\"},{\"@type\":\"Organization\",\"@id\":\"https:\/\/www.fincasmallorcacharme.com\/blog\/en\/#organization\",\"name\":\"Blog Mallorca Charme\",\"url\":\"https:\/\/www.fincasmallorcacharme.com\/blog\/en\/\",\"logo\":{\"@type\":\"ImageObject\",\"inLanguage\":\"de\",\"@id\":\"https:\/\/www.fincasmallorcacharme.com\/blog\/en\/#\/schema\/logo\/image\/\",\"url\":\"https:\/\/www.fincasmallorcacharme.com\/blog\/wp-content\/uploads\/2020\/02\/cropped-headerrrrr-1.png\",\"contentUrl\":\"https:\/\/www.fincasmallorcacharme.com\/blog\/wp-content\/uploads\/2020\/02\/cropped-headerrrrr-1.png\",\"width\":1250,\"height\":250,\"caption\":\"Blog Mallorca Charme\"},\"image\":{\"@id\":\"https:\/\/www.fincasmallorcacharme.com\/blog\/en\/#\/schema\/logo\/image\/\"}},{\"@type\":\"Person\",\"@id\":\"https:\/\/www.fincasmallorcacharme.com\/blog\/en\/#\/schema\/person\/335f2ad1ce51d3ab88517478d04fb7d7\",\"name\":\"mallorcacharme\",\"url\":\"https:\/\/www.fincasmallorcacharme.com\/blog\/de\/author\/mallorcacharme\/\"}]}<\/script>\n<!-- \/ Yoast SEO plugin. -->","yoast_head_json":{"title":"Fornalutx - Blog Mallorca Charme","description":"Fornalutx ist ein authentisches mallorquinisches Bergdorf, das auf dem Gipfel der Sierra de Tramuntana, oberhalb des Tals von S\u00f3ller, liegt.","robots":{"index":"index","follow":"follow","max-snippet":"max-snippet:-1","max-image-preview":"max-image-preview:large","max-video-preview":"max-video-preview:-1"},"canonical":"https:\/\/www.fincasmallorcacharme.com\/blog\/fornalutx\/","og_locale":"de_DE","og_type":"article","og_title":"Fornalutx - Blog Mallorca Charme","og_description":"Fornalutx ist ein authentisches mallorquinisches Bergdorf, das auf dem Gipfel der Sierra de Tramuntana, oberhalb des Tals von S\u00f3ller, liegt.","og_url":"https:\/\/www.fincasmallorcacharme.com\/blog\/fornalutx\/","og_site_name":"Blog Mallorca Charme","article_published_time":"2020-08-21T15:07:42+00:00","og_image":[{"width":768,"height":488,"url":"https:\/\/www.fincasmallorcacharme.com\/blog\/wp-content\/uploads\/2020\/08\/Diseno-sin-titulo-2020-08-21T164111.989.jpg","type":"image\/jpeg"}],"author":"mallorcacharme","twitter_card":"summary_large_image","twitter_misc":{"Verfasst von":"mallorcacharme","Gesch\u00e4tzte Lesezeit":"3\u00a0Minuten"},"schema":{"@context":"https:\/\/schema.org","@graph":[{"@type":"Article","@id":"https:\/\/www.fincasmallorcacharme.com\/blog\/fornalutx\/#article","isPartOf":{"@id":"https:\/\/www.fincasmallorcacharme.com\/blog\/fornalutx\/"},"author":{"name":"mallorcacharme","@id":"https:\/\/www.fincasmallorcacharme.com\/blog\/en\/#\/schema\/person\/335f2ad1ce51d3ab88517478d04fb7d7"},"headline":"Fornalutx","datePublished":"2020-08-21T15:07:42+00:00","mainEntityOfPage":{"@id":"https:\/\/www.fincasmallorcacharme.com\/blog\/fornalutx\/"},"wordCount":605,"commentCount":0,"publisher":{"@id":"https:\/\/www.fincasmallorcacharme.com\/blog\/en\/#organization"},"image":{"@id":"https:\/\/www.fincasmallorcacharme.com\/blog\/fornalutx\/#primaryimage"},"thumbnailUrl":"https:\/\/www.fincasmallorcacharme.com\/blog\/wp-content\/uploads\/2020\/08\/Diseno-sin-titulo-2020-08-21T164111.989.jpg","articleSection":["Sehensw\u00fcrdigkeiten"],"inLanguage":"de","potentialAction":[{"@type":"CommentAction","name":"Comment","target":["https:\/\/www.fincasmallorcacharme.com\/blog\/fornalutx\/#respond"]}]},{"@type":"WebPage","@id":"https:\/\/www.fincasmallorcacharme.com\/blog\/fornalutx\/","url":"https:\/\/www.fincasmallorcacharme.com\/blog\/fornalutx\/","name":"Fornalutx - Blog Mallorca Charme","isPartOf":{"@id":"https:\/\/www.fincasmallorcacharme.com\/blog\/en\/#website"},"primaryImageOfPage":{"@id":"https:\/\/www.fincasmallorcacharme.com\/blog\/fornalutx\/#primaryimage"},"image":{"@id":"https:\/\/www.fincasmallorcacharme.com\/blog\/fornalutx\/#primaryimage"},"thumbnailUrl":"https:\/\/www.fincasmallorcacharme.com\/blog\/wp-content\/uploads\/2020\/08\/Diseno-sin-titulo-2020-08-21T164111.989.jpg","datePublished":"2020-08-21T15:07:42+00:00","description":"Fornalutx ist ein authentisches mallorquinisches Bergdorf, das auf dem Gipfel der Sierra de Tramuntana, oberhalb des Tals von S\u00f3ller, liegt.","inLanguage":"de","potentialAction":[{"@type":"ReadAction","target":["https:\/\/www.fincasmallorcacharme.com\/blog\/fornalutx\/"]}]},{"@type":"ImageObject","inLanguage":"de","@id":"https:\/\/www.fincasmallorcacharme.com\/blog\/fornalutx\/#primaryimage","url":"https:\/\/www.fincasmallorcacharme.com\/blog\/wp-content\/uploads\/2020\/08\/Diseno-sin-titulo-2020-08-21T164111.989.jpg","contentUrl":"https:\/\/www.fincasmallorcacharme.com\/blog\/wp-content\/uploads\/2020\/08\/Diseno-sin-titulo-2020-08-21T164111.989.jpg","width":768,"height":488,"caption":"Fornalutx"},{"@type":"WebSite","@id":"https:\/\/www.fincasmallorcacharme.com\/blog\/en\/#website","url":"https:\/\/www.fincasmallorcacharme.com\/blog\/en\/","name":"Blog Mallorca Charme","description":"Fincasmallorcacharme Blog","publisher":{"@id":"https:\/\/www.fincasmallorcacharme.com\/blog\/en\/#organization"},"potentialAction":[{"@type":"SearchAction","target":{"@type":"EntryPoint","urlTemplate":"https:\/\/www.fincasmallorcacharme.com\/blog\/en\/?s={search_term_string}"},"query-input":{"@type":"PropertyValueSpecification","valueRequired":true,"valueName":"search_term_string"}}],"inLanguage":"de"},{"@type":"Organization","@id":"https:\/\/www.fincasmallorcacharme.com\/blog\/en\/#organization","name":"Blog Mallorca Charme","url":"https:\/\/www.fincasmallorcacharme.com\/blog\/en\/","logo":{"@type":"ImageObject","inLanguage":"de","@id":"https:\/\/www.fincasmallorcacharme.com\/blog\/en\/#\/schema\/logo\/image\/","url":"https:\/\/www.fincasmallorcacharme.com\/blog\/wp-content\/uploads\/2020\/02\/cropped-headerrrrr-1.png","contentUrl":"https:\/\/www.fincasmallorcacharme.com\/blog\/wp-content\/uploads\/2020\/02\/cropped-headerrrrr-1.png","width":1250,"height":250,"caption":"Blog Mallorca Charme"},"image":{"@id":"https:\/\/www.fincasmallorcacharme.com\/blog\/en\/#\/schema\/logo\/image\/"}},{"@type":"Person","@id":"https:\/\/www.fincasmallorcacharme.com\/blog\/en\/#\/schema\/person\/335f2ad1ce51d3ab88517478d04fb7d7","name":"mallorcacharme","url":"https:\/\/www.fincasmallorcacharme.com\/blog\/de\/author\/mallorcacharme\/"}]}},"amp_enabled":true,"_links":{"self":[{"href":"https:\/\/www.fincasmallorcacharme.com\/blog\/de\/wp-json\/wp\/v2\/posts\/2423","targetHints":{"allow":["GET"]}}],"collection":[{"href":"https:\/\/www.fincasmallorcacharme.com\/blog\/de\/wp-json\/wp\/v2\/posts"}],"about":[{"href":"https:\/\/www.fincasmallorcacharme.com\/blog\/de\/wp-json\/wp\/v2\/types\/post"}],"author":[{"embeddable":true,"href":"https:\/\/www.fincasmallorcacharme.com\/blog\/de\/wp-json\/wp\/v2\/users\/2"}],"replies":[{"embeddable":true,"href":"https:\/\/www.fincasmallorcacharme.com\/blog\/de\/wp-json\/wp\/v2\/comments?post=2423"}],"version-history":[{"count":1,"href":"https:\/\/www.fincasmallorcacharme.com\/blog\/de\/wp-json\/wp\/v2\/posts\/2423\/revisions"}],"predecessor-version":[{"id":2439,"href":"https:\/\/www.fincasmallorcacharme.com\/blog\/de\/wp-json\/wp\/v2\/posts\/2423\/revisions\/2439"}],"wp:featuredmedia":[{"embeddable":true,"href":"https:\/\/www.fincasmallorcacharme.com\/blog\/de\/wp-json\/wp\/v2\/media\/2424"}],"wp:attachment":[{"href":"https:\/\/www.fincasmallorcacharme.com\/blog\/de\/wp-json\/wp\/v2\/media?parent=2423"}],"wp:term":[{"taxonomy":"category","embeddable":true,"href":"https:\/\/www.fincasmallorcacharme.com\/blog\/de\/wp-json\/wp\/v2\/categories?post=2423"},{"taxonomy":"post_tag","embeddable":true,"href":"https:\/\/www.fincasmallorcacharme.com\/blog\/de\/wp-json\/wp\/v2\/tags?post=2423"}],"curies":[{"name":"wp","href":"https:\/\/api.w.org\/{rel}","templated":true}]}}