{"id":174,"date":"2017-12-27T11:20:39","date_gmt":"2017-12-27T11:20:39","guid":{"rendered":"http:\/\/www.fincasmallorcacharme.com\/blog\/?p=174"},"modified":"2019-11-25T11:46:33","modified_gmt":"2019-11-25T11:46:33","slug":"finca-urlaub-mit-fruehstueck-auf-mallorca","status":"publish","type":"post","link":"https:\/\/www.fincasmallorcacharme.com\/blog\/de\/finca-urlaub-mit-fruehstueck-auf-mallorca\/","title":{"rendered":"Finca Urlaub mit Fr\u00fchst\u00fcck auf Mallorca"},"content":{"rendered":"<div id=\"toc_container\" class=\"no_bullets\"><p class=\"toc_title\">&Uuml;bersicht<\/p><ul class=\"toc_list\"><li><a href=\"#Finca_Urlaub_mit_Fruehstueck_auf_Mallorca\"><span class=\"toc_number toc_depth_1\">1<\/span> Finca Urlaub mit Fr\u00fchst\u00fcck auf Mallorca<\/a><ul><li><a href=\"#Warum_nicht_ist_es_in_einem_Fincaurlaub_Fruehstueck_enthaltet\"><span class=\"toc_number toc_depth_2\">1.1<\/span> Warum nicht ist es in einem Fincaurlaub Fr\u00fchst\u00fcck enthaltet?<\/a><\/li><li><a href=\"#Wann_Kann_man_ein_gutes_Fruehstueck_in_einer_Finca_geniessen\"><span class=\"toc_number toc_depth_2\">1.2<\/span> Wann Kann man ein gutes Fr\u00fchst\u00fcck in einer\u00a0 Finca geniessen?<\/a><\/li><li><a href=\"#In_welchen_Fincas_kann_man_ein_gutes_Fruehstueck_geniessen\"><span class=\"toc_number toc_depth_2\">1.3<\/span> In welchen Fincas kann man ein gutes Fr\u00fchst\u00fcck genie\u00dfen?<\/a><\/li><\/ul><\/li><\/ul><\/div>\n<h1 style=\"text-align: center;\"><span id=\"Finca_Urlaub_mit_Fruehstueck_auf_Mallorca\">Finca Urlaub mit Fr\u00fchst\u00fcck auf Mallorca<\/span><\/h1>\n<p style=\"text-align: center;\">Du stehst morgens auf. Es ist ein herrlicher Tag. Du gehts raus der Finca und sp\u00fcrst die W\u00e4rme der Sonne auf der Haut. Du bist in der besten Stelle f\u00fcr ein gutes mallorquinisches Fr\u00fchst\u00fcck oder deutsches Fr\u00fchst\u00fcck mit \u00a0Familie oder Freunden im Garten der Finca zu genie\u00dfen. Ein <a href=\"https:\/\/www.fincasmallorcacharme.com\/blog\/de\/finca-urlaub-mallorca-2018\/\">Urlaub\u00a0 <\/a>in einer Finca ist die beste Entscheidung.<\/p>\n<h2 style=\"text-align: center;\"><span id=\"Warum_nicht_ist_es_in_einem_Fincaurlaub_Fruehstueck_enthaltet\">Warum nicht ist es in einem Fincaurlaub Fr\u00fchst\u00fcck enthaltet?<\/span><\/h2>\n<p style=\"text-align: center;\">Weil die Fincas als Ferienh\u00e4user katalogisiert sind und es ist diese Unterkunfte den Halbpension nicht erlaubt. Aber das ist keine Ausrede f\u00fcr ein gutes Fr\u00fchst\u00fcck in einer angenehmen Umgebung und Pur Natur zu genie\u00dfen. Es gibt die M\u00f6glichkeit ein Catering Service zu bestellen aber diese M\u00f6glichkeit w\u00e4re es besser f\u00fcr seinen sch\u00f6nen Abendessen mit Freunden oder Familie auf der Finca zu genie\u00dfen.<\/p>\n<h2><\/h2>\n<h2 style=\"text-align: center;\"><span id=\"Wann_Kann_man_ein_gutes_Fruehstueck_in_einer_Finca_geniessen\">Wann Kann man ein gutes Fr\u00fchst\u00fcck in einer\u00a0 Finca geniessen?<\/span><\/h2>\n<p style=\"text-align: center;\">Das wetter auf Mallorca ist ein \u00a0mediterranisches Klima und es ist trocken und es ist ein <em>g<\/em><em>em\u00e4sstiges Klima<\/em>, die durchschnittliche Jahrestemperatur ist zwischen 16 und 18 Grad. Diese Temperaturen k\u00f6nnen zwischen Juli und August bis zu 35 Grad erreichen. Mit diesem klima kann man die Insel fast das ganze Jahr geniessen und selbverst\u00e4ndlich ein gutes Fr\u00fchst\u00fcck auf den Garten oder auf die Terrasse der Finca zu geniessen.<\/p>\n<figure id=\"attachment_176\" aria-describedby=\"caption-attachment-176\" style=\"width: 800px\" class=\"wp-caption aligncenter\"><img fetchpriority=\"high\" decoding=\"async\" class=\"wp-image-176 size-full\" src=\"http:\/\/www.fincasmallorcacharme.com\/blog\/wp-content\/uploads\/2017\/12\/177-Son-Serra-Ferienhaus-mieten-2.jpg\" alt=\"eine-finca-mit-fruehstueck-auf-mallorca\" width=\"800\" height=\"500\" srcset=\"https:\/\/www.fincasmallorcacharme.com\/blog\/wp-content\/uploads\/2017\/12\/177-Son-Serra-Ferienhaus-mieten-2.jpg 800w, https:\/\/www.fincasmallorcacharme.com\/blog\/wp-content\/uploads\/2017\/12\/177-Son-Serra-Ferienhaus-mieten-2-768x480.jpg 768w\" sizes=\"(max-width: 800px) 100vw, 800px\" \/><figcaption id=\"caption-attachment-176\" class=\"wp-caption-text\">Das Fr\u00fchst\u00fcck schmeckt besser mit diesem Meerblick<\/figcaption><\/figure>\n<h2 style=\"text-align: center;\"><span id=\"In_welchen_Fincas_kann_man_ein_gutes_Fruehstueck_geniessen\">In welchen Fincas kann man ein gutes Fr\u00fchst\u00fcck genie\u00dfen?<\/span><\/h2>\n<p style=\"text-align: center;\">Mallorca bietet viele M\u00f6glichkeiten f\u00fcr einen perfekten Fincaurlaub an. Es gibt viele Fincas mit Fr\u00fchst\u00fcck am Meer. Wie zum beispiel in Son Serra de Marina, Playa de Muro oder Alcudia und alle Fincas haben Pool.<\/p>\n<p style=\"text-align: center;\">Stellt dir vor ,dass du mit deiner Frau in einer Finca am Meer fr\u00fchst\u00fccks. W\u00e4re es das nicht sch\u00f6n f\u00fcr den n\u00e4chsten Urlaub?<\/p>\n<p style=\"text-align: center;\">Wenn Sie einen authentischen Fincaurlaub mit Fr\u00fchst\u00fcck auf Mallorca geniessen wollen in <a href=\"https:\/\/www.fincasmallorcacharme.com\/de\/vermietung\/zu-mieten-vermietungen-d0\/\">Fincasmallorcacharme<\/a> finden Sie die beste Fincas f\u00fcr einen echten Fincaurlaub zu entdecken. Wir sind auf die Miete der Fincas seit 10 Jahren spezialisiert. Wenn<\/p>\n<p style=\"text-align: center;\">Sie weitere Informationen w\u00fcnschen,<a href=\"https:\/\/www.fincasmallorcacharme.com\/de\/kontakt\/\"> kontaktieren<\/a> Sie uns.<\/p>\n<p>&nbsp;<\/p>\n","protected":false},"excerpt":{"rendered":"<p>&Uuml;bersicht1 Finca Urlaub mit Fr\u00fchst\u00fcck auf Mallorca1.1 Warum nicht ist es in einem Fincaurlaub Fr\u00fchst\u00fcck enthaltet?1.2 Wann Kann man ein gutes Fr\u00fchst\u00fcck in einer\u00a0 Finca geniessen?1.3 In welchen Fincas kann man ein gutes Fr\u00fchst\u00fcck genie\u00dfen? Finca Urlaub mit Fr\u00fchst\u00fcck auf Mallorca Du stehst morgens auf. Es ist ein herrlicher Tag. Du gehts raus der Finca&#8230;<\/p>\n","protected":false},"author":2,"featured_media":175,"comment_status":"open","ping_status":"closed","sticky":false,"template":"","format":"standard","meta":{"ngg_post_thumbnail":0,"footnotes":""},"categories":[60],"tags":[],"class_list":["post-174","post","type-post","status-publish","format-standard","has-post-thumbnail","hentry","category-fincaurlaubtipps"],"yoast_head":"<!-- This site is optimized with the Yoast SEO plugin v26.2 - https:\/\/yoast.com\/wordpress\/plugins\/seo\/ -->\n<title>Finca Urlaub mit Fr\u00fchst\u00fcck auf Mallorca - Blog Mallorca Charme<\/title>\n<meta name=\"description\" content=\"Suchst du ein gutes Fr\u00fchst\u00fcck auf Mallorca zu geniessen? Hier findest du alle Infos f\u00fcr einen Fincaurlaub mit Fr\u00fchst\u00fcck auf Mallorca!!!\" \/>\n<meta name=\"robots\" content=\"index, follow, max-snippet:-1, max-image-preview:large, max-video-preview:-1\" \/>\n<link rel=\"canonical\" href=\"https:\/\/www.fincasmallorcacharme.com\/blog\/finca-vacaciones-con-desayuno-en-mallorca\/\" \/>\n<meta property=\"og:locale\" content=\"de_DE\" \/>\n<meta property=\"og:type\" content=\"article\" \/>\n<meta property=\"og:title\" content=\"Finca Urlaub mit Fr\u00fchst\u00fcck auf Mallorca - Blog Mallorca Charme\" \/>\n<meta property=\"og:description\" content=\"Suchst du ein gutes Fr\u00fchst\u00fcck auf Mallorca zu geniessen? Hier findest du alle Infos f\u00fcr einen Fincaurlaub mit Fr\u00fchst\u00fcck auf Mallorca!!!\" \/>\n<meta property=\"og:url\" content=\"https:\/\/www.fincasmallorcacharme.com\/blog\/finca-vacaciones-con-desayuno-en-mallorca\/\" \/>\n<meta property=\"og:site_name\" content=\"Blog Mallorca Charme\" \/>\n<meta property=\"article:published_time\" content=\"2017-12-27T11:20:39+00:00\" \/>\n<meta property=\"article:modified_time\" content=\"2019-11-25T11:46:33+00:00\" \/>\n<meta property=\"og:image\" content=\"https:\/\/www.fincasmallorcacharme.com\/blog\/wp-content\/uploads\/2017\/12\/Mallorca104.1.jpg\" \/>\n\t<meta property=\"og:image:width\" content=\"800\" \/>\n\t<meta property=\"og:image:height\" content=\"500\" \/>\n\t<meta property=\"og:image:type\" content=\"image\/jpeg\" \/>\n<meta name=\"author\" content=\"mallorcacharme\" \/>\n<meta name=\"twitter:card\" content=\"summary_large_image\" \/>\n<meta name=\"twitter:label1\" content=\"Verfasst von\" \/>\n\t<meta name=\"twitter:data1\" content=\"mallorcacharme\" \/>\n\t<meta name=\"twitter:label2\" content=\"Gesch\u00e4tzte Lesezeit\" \/>\n\t<meta name=\"twitter:data2\" content=\"2\u00a0Minuten\" \/>\n<script type=\"application\/ld+json\" class=\"yoast-schema-graph\">{\"@context\":\"https:\/\/schema.org\",\"@graph\":[{\"@type\":\"Article\",\"@id\":\"https:\/\/www.fincasmallorcacharme.com\/blog\/finca-vacaciones-con-desayuno-en-mallorca\/#article\",\"isPartOf\":{\"@id\":\"https:\/\/www.fincasmallorcacharme.com\/blog\/finca-vacaciones-con-desayuno-en-mallorca\/\"},\"author\":{\"name\":\"mallorcacharme\",\"@id\":\"https:\/\/www.fincasmallorcacharme.com\/blog\/en\/#\/schema\/person\/335f2ad1ce51d3ab88517478d04fb7d7\"},\"headline\":\"Finca Urlaub mit Fr\u00fchst\u00fcck auf Mallorca\",\"datePublished\":\"2017-12-27T11:20:39+00:00\",\"dateModified\":\"2019-11-25T11:46:33+00:00\",\"mainEntityOfPage\":{\"@id\":\"https:\/\/www.fincasmallorcacharme.com\/blog\/finca-vacaciones-con-desayuno-en-mallorca\/\"},\"wordCount\":389,\"commentCount\":0,\"publisher\":{\"@id\":\"https:\/\/www.fincasmallorcacharme.com\/blog\/en\/#organization\"},\"image\":{\"@id\":\"https:\/\/www.fincasmallorcacharme.com\/blog\/finca-vacaciones-con-desayuno-en-mallorca\/#primaryimage\"},\"thumbnailUrl\":\"https:\/\/www.fincasmallorcacharme.com\/blog\/wp-content\/uploads\/2017\/12\/Mallorca104.1.jpg\",\"articleSection\":[\"Fincaurlaubtipps\"],\"inLanguage\":\"de\",\"potentialAction\":[{\"@type\":\"CommentAction\",\"name\":\"Comment\",\"target\":[\"https:\/\/www.fincasmallorcacharme.com\/blog\/finca-vacaciones-con-desayuno-en-mallorca\/#respond\"]}]},{\"@type\":\"WebPage\",\"@id\":\"https:\/\/www.fincasmallorcacharme.com\/blog\/finca-vacaciones-con-desayuno-en-mallorca\/\",\"url\":\"https:\/\/www.fincasmallorcacharme.com\/blog\/finca-vacaciones-con-desayuno-en-mallorca\/\",\"name\":\"Finca Urlaub mit Fr\u00fchst\u00fcck auf Mallorca - Blog Mallorca Charme\",\"isPartOf\":{\"@id\":\"https:\/\/www.fincasmallorcacharme.com\/blog\/en\/#website\"},\"primaryImageOfPage\":{\"@id\":\"https:\/\/www.fincasmallorcacharme.com\/blog\/finca-vacaciones-con-desayuno-en-mallorca\/#primaryimage\"},\"image\":{\"@id\":\"https:\/\/www.fincasmallorcacharme.com\/blog\/finca-vacaciones-con-desayuno-en-mallorca\/#primaryimage\"},\"thumbnailUrl\":\"https:\/\/www.fincasmallorcacharme.com\/blog\/wp-content\/uploads\/2017\/12\/Mallorca104.1.jpg\",\"datePublished\":\"2017-12-27T11:20:39+00:00\",\"dateModified\":\"2019-11-25T11:46:33+00:00\",\"description\":\"Suchst du ein gutes Fr\u00fchst\u00fcck auf Mallorca zu geniessen? Hier findest du alle Infos f\u00fcr einen Fincaurlaub mit Fr\u00fchst\u00fcck auf Mallorca!!!\",\"inLanguage\":\"de\",\"potentialAction\":[{\"@type\":\"ReadAction\",\"target\":[\"https:\/\/www.fincasmallorcacharme.com\/blog\/finca-vacaciones-con-desayuno-en-mallorca\/\"]}]},{\"@type\":\"ImageObject\",\"inLanguage\":\"de\",\"@id\":\"https:\/\/www.fincasmallorcacharme.com\/blog\/finca-vacaciones-con-desayuno-en-mallorca\/#primaryimage\",\"url\":\"https:\/\/www.fincasmallorcacharme.com\/blog\/wp-content\/uploads\/2017\/12\/Mallorca104.1.jpg\",\"contentUrl\":\"https:\/\/www.fincasmallorcacharme.com\/blog\/wp-content\/uploads\/2017\/12\/Mallorca104.1.jpg\",\"width\":800,\"height\":500,\"caption\":\"Ein sch\u00f6ner Meerblick von der Finca.\"},{\"@type\":\"WebSite\",\"@id\":\"https:\/\/www.fincasmallorcacharme.com\/blog\/en\/#website\",\"url\":\"https:\/\/www.fincasmallorcacharme.com\/blog\/en\/\",\"name\":\"Blog Mallorca Charme\",\"description\":\"Fincasmallorcacharme Blog\",\"publisher\":{\"@id\":\"https:\/\/www.fincasmallorcacharme.com\/blog\/en\/#organization\"},\"potentialAction\":[{\"@type\":\"SearchAction\",\"target\":{\"@type\":\"EntryPoint\",\"urlTemplate\":\"https:\/\/www.fincasmallorcacharme.com\/blog\/en\/?s={search_term_string}\"},\"query-input\":{\"@type\":\"PropertyValueSpecification\",\"valueRequired\":true,\"valueName\":\"search_term_string\"}}],\"inLanguage\":\"de\"},{\"@type\":\"Organization\",\"@id\":\"https:\/\/www.fincasmallorcacharme.com\/blog\/en\/#organization\",\"name\":\"Blog Mallorca Charme\",\"url\":\"https:\/\/www.fincasmallorcacharme.com\/blog\/en\/\",\"logo\":{\"@type\":\"ImageObject\",\"inLanguage\":\"de\",\"@id\":\"https:\/\/www.fincasmallorcacharme.com\/blog\/en\/#\/schema\/logo\/image\/\",\"url\":\"https:\/\/www.fincasmallorcacharme.com\/blog\/wp-content\/uploads\/2020\/02\/cropped-headerrrrr-1.png\",\"contentUrl\":\"https:\/\/www.fincasmallorcacharme.com\/blog\/wp-content\/uploads\/2020\/02\/cropped-headerrrrr-1.png\",\"width\":1250,\"height\":250,\"caption\":\"Blog Mallorca Charme\"},\"image\":{\"@id\":\"https:\/\/www.fincasmallorcacharme.com\/blog\/en\/#\/schema\/logo\/image\/\"}},{\"@type\":\"Person\",\"@id\":\"https:\/\/www.fincasmallorcacharme.com\/blog\/en\/#\/schema\/person\/335f2ad1ce51d3ab88517478d04fb7d7\",\"name\":\"mallorcacharme\",\"url\":\"https:\/\/www.fincasmallorcacharme.com\/blog\/de\/author\/mallorcacharme\/\"}]}<\/script>\n<!-- \/ Yoast SEO plugin. -->","yoast_head_json":{"title":"Finca Urlaub mit Fr\u00fchst\u00fcck auf Mallorca - Blog Mallorca Charme","description":"Suchst du ein gutes Fr\u00fchst\u00fcck auf Mallorca zu geniessen? Hier findest du alle Infos f\u00fcr einen Fincaurlaub mit Fr\u00fchst\u00fcck auf Mallorca!!!","robots":{"index":"index","follow":"follow","max-snippet":"max-snippet:-1","max-image-preview":"max-image-preview:large","max-video-preview":"max-video-preview:-1"},"canonical":"https:\/\/www.fincasmallorcacharme.com\/blog\/finca-vacaciones-con-desayuno-en-mallorca\/","og_locale":"de_DE","og_type":"article","og_title":"Finca Urlaub mit Fr\u00fchst\u00fcck auf Mallorca - Blog Mallorca Charme","og_description":"Suchst du ein gutes Fr\u00fchst\u00fcck auf Mallorca zu geniessen? Hier findest du alle Infos f\u00fcr einen Fincaurlaub mit Fr\u00fchst\u00fcck auf Mallorca!!!","og_url":"https:\/\/www.fincasmallorcacharme.com\/blog\/finca-vacaciones-con-desayuno-en-mallorca\/","og_site_name":"Blog Mallorca Charme","article_published_time":"2017-12-27T11:20:39+00:00","article_modified_time":"2019-11-25T11:46:33+00:00","og_image":[{"width":800,"height":500,"url":"https:\/\/www.fincasmallorcacharme.com\/blog\/wp-content\/uploads\/2017\/12\/Mallorca104.1.jpg","type":"image\/jpeg"}],"author":"mallorcacharme","twitter_card":"summary_large_image","twitter_misc":{"Verfasst von":"mallorcacharme","Gesch\u00e4tzte Lesezeit":"2\u00a0Minuten"},"schema":{"@context":"https:\/\/schema.org","@graph":[{"@type":"Article","@id":"https:\/\/www.fincasmallorcacharme.com\/blog\/finca-vacaciones-con-desayuno-en-mallorca\/#article","isPartOf":{"@id":"https:\/\/www.fincasmallorcacharme.com\/blog\/finca-vacaciones-con-desayuno-en-mallorca\/"},"author":{"name":"mallorcacharme","@id":"https:\/\/www.fincasmallorcacharme.com\/blog\/en\/#\/schema\/person\/335f2ad1ce51d3ab88517478d04fb7d7"},"headline":"Finca Urlaub mit Fr\u00fchst\u00fcck auf Mallorca","datePublished":"2017-12-27T11:20:39+00:00","dateModified":"2019-11-25T11:46:33+00:00","mainEntityOfPage":{"@id":"https:\/\/www.fincasmallorcacharme.com\/blog\/finca-vacaciones-con-desayuno-en-mallorca\/"},"wordCount":389,"commentCount":0,"publisher":{"@id":"https:\/\/www.fincasmallorcacharme.com\/blog\/en\/#organization"},"image":{"@id":"https:\/\/www.fincasmallorcacharme.com\/blog\/finca-vacaciones-con-desayuno-en-mallorca\/#primaryimage"},"thumbnailUrl":"https:\/\/www.fincasmallorcacharme.com\/blog\/wp-content\/uploads\/2017\/12\/Mallorca104.1.jpg","articleSection":["Fincaurlaubtipps"],"inLanguage":"de","potentialAction":[{"@type":"CommentAction","name":"Comment","target":["https:\/\/www.fincasmallorcacharme.com\/blog\/finca-vacaciones-con-desayuno-en-mallorca\/#respond"]}]},{"@type":"WebPage","@id":"https:\/\/www.fincasmallorcacharme.com\/blog\/finca-vacaciones-con-desayuno-en-mallorca\/","url":"https:\/\/www.fincasmallorcacharme.com\/blog\/finca-vacaciones-con-desayuno-en-mallorca\/","name":"Finca Urlaub mit Fr\u00fchst\u00fcck auf Mallorca - Blog Mallorca Charme","isPartOf":{"@id":"https:\/\/www.fincasmallorcacharme.com\/blog\/en\/#website"},"primaryImageOfPage":{"@id":"https:\/\/www.fincasmallorcacharme.com\/blog\/finca-vacaciones-con-desayuno-en-mallorca\/#primaryimage"},"image":{"@id":"https:\/\/www.fincasmallorcacharme.com\/blog\/finca-vacaciones-con-desayuno-en-mallorca\/#primaryimage"},"thumbnailUrl":"https:\/\/www.fincasmallorcacharme.com\/blog\/wp-content\/uploads\/2017\/12\/Mallorca104.1.jpg","datePublished":"2017-12-27T11:20:39+00:00","dateModified":"2019-11-25T11:46:33+00:00","description":"Suchst du ein gutes Fr\u00fchst\u00fcck auf Mallorca zu geniessen? Hier findest du alle Infos f\u00fcr einen Fincaurlaub mit Fr\u00fchst\u00fcck auf Mallorca!!!","inLanguage":"de","potentialAction":[{"@type":"ReadAction","target":["https:\/\/www.fincasmallorcacharme.com\/blog\/finca-vacaciones-con-desayuno-en-mallorca\/"]}]},{"@type":"ImageObject","inLanguage":"de","@id":"https:\/\/www.fincasmallorcacharme.com\/blog\/finca-vacaciones-con-desayuno-en-mallorca\/#primaryimage","url":"https:\/\/www.fincasmallorcacharme.com\/blog\/wp-content\/uploads\/2017\/12\/Mallorca104.1.jpg","contentUrl":"https:\/\/www.fincasmallorcacharme.com\/blog\/wp-content\/uploads\/2017\/12\/Mallorca104.1.jpg","width":800,"height":500,"caption":"Ein sch\u00f6ner Meerblick von der Finca."},{"@type":"WebSite","@id":"https:\/\/www.fincasmallorcacharme.com\/blog\/en\/#website","url":"https:\/\/www.fincasmallorcacharme.com\/blog\/en\/","name":"Blog Mallorca Charme","description":"Fincasmallorcacharme Blog","publisher":{"@id":"https:\/\/www.fincasmallorcacharme.com\/blog\/en\/#organization"},"potentialAction":[{"@type":"SearchAction","target":{"@type":"EntryPoint","urlTemplate":"https:\/\/www.fincasmallorcacharme.com\/blog\/en\/?s={search_term_string}"},"query-input":{"@type":"PropertyValueSpecification","valueRequired":true,"valueName":"search_term_string"}}],"inLanguage":"de"},{"@type":"Organization","@id":"https:\/\/www.fincasmallorcacharme.com\/blog\/en\/#organization","name":"Blog Mallorca Charme","url":"https:\/\/www.fincasmallorcacharme.com\/blog\/en\/","logo":{"@type":"ImageObject","inLanguage":"de","@id":"https:\/\/www.fincasmallorcacharme.com\/blog\/en\/#\/schema\/logo\/image\/","url":"https:\/\/www.fincasmallorcacharme.com\/blog\/wp-content\/uploads\/2020\/02\/cropped-headerrrrr-1.png","contentUrl":"https:\/\/www.fincasmallorcacharme.com\/blog\/wp-content\/uploads\/2020\/02\/cropped-headerrrrr-1.png","width":1250,"height":250,"caption":"Blog Mallorca Charme"},"image":{"@id":"https:\/\/www.fincasmallorcacharme.com\/blog\/en\/#\/schema\/logo\/image\/"}},{"@type":"Person","@id":"https:\/\/www.fincasmallorcacharme.com\/blog\/en\/#\/schema\/person\/335f2ad1ce51d3ab88517478d04fb7d7","name":"mallorcacharme","url":"https:\/\/www.fincasmallorcacharme.com\/blog\/de\/author\/mallorcacharme\/"}]}},"amp_enabled":true,"_links":{"self":[{"href":"https:\/\/www.fincasmallorcacharme.com\/blog\/de\/wp-json\/wp\/v2\/posts\/174","targetHints":{"allow":["GET"]}}],"collection":[{"href":"https:\/\/www.fincasmallorcacharme.com\/blog\/de\/wp-json\/wp\/v2\/posts"}],"about":[{"href":"https:\/\/www.fincasmallorcacharme.com\/blog\/de\/wp-json\/wp\/v2\/types\/post"}],"author":[{"embeddable":true,"href":"https:\/\/www.fincasmallorcacharme.com\/blog\/de\/wp-json\/wp\/v2\/users\/2"}],"replies":[{"embeddable":true,"href":"https:\/\/www.fincasmallorcacharme.com\/blog\/de\/wp-json\/wp\/v2\/comments?post=174"}],"version-history":[{"count":5,"href":"https:\/\/www.fincasmallorcacharme.com\/blog\/de\/wp-json\/wp\/v2\/posts\/174\/revisions"}],"predecessor-version":[{"id":496,"href":"https:\/\/www.fincasmallorcacharme.com\/blog\/de\/wp-json\/wp\/v2\/posts\/174\/revisions\/496"}],"wp:featuredmedia":[{"embeddable":true,"href":"https:\/\/www.fincasmallorcacharme.com\/blog\/de\/wp-json\/wp\/v2\/media\/175"}],"wp:attachment":[{"href":"https:\/\/www.fincasmallorcacharme.com\/blog\/de\/wp-json\/wp\/v2\/media?parent=174"}],"wp:term":[{"taxonomy":"category","embeddable":true,"href":"https:\/\/www.fincasmallorcacharme.com\/blog\/de\/wp-json\/wp\/v2\/categories?post=174"},{"taxonomy":"post_tag","embeddable":true,"href":"https:\/\/www.fincasmallorcacharme.com\/blog\/de\/wp-json\/wp\/v2\/tags?post=174"}],"curies":[{"name":"wp","href":"https:\/\/api.w.org\/{rel}","templated":true}]}}